{"id":36528,"date":"2026-09-06T04:37:14","date_gmt":"2026-09-06T07:37:14","guid":{"rendered":"https:\/\/acontecenafronteira.com.br\/?p=36528"},"modified":"2026-09-06T04:37:14","modified_gmt":"2026-09-06T07:37:14","slug":"reforma-tributaria-aereas-buscam-selo-regional-para-pagar-menos","status":"publish","type":"post","link":"https:\/\/acontecenafronteira.com.br\/index.php\/2026\/09\/06\/reforma-tributaria-aereas-buscam-selo-regional-para-pagar-menos\/","title":{"rendered":"Reforma Tribut\u00e1ria: a\u00e9reas buscam selo regional para pagar menos"},"content":{"rendered":"<p>Com a proximidade da entrada em vigor da Reforma Tribut\u00e1ria em janeiro, grandes empresas de avia\u00e7\u00e3o est\u00e3o em p\u00e9 de guerra com a equipe econ\u00f4mica do governo federal para conseguir o enquadramento como operadoras de voos regionais e, assim, garantir uma carga tribut\u00e1ria menor.<\/p>\n<h2>Disputa por benef\u00edcios fiscais<\/h2>\n<p>A legisla\u00e7\u00e3o aprovada pelo Congresso Nacional concedeu um tratamento tribut\u00e1rio diferenciado exclusivamente para o setor de avia\u00e7\u00e3o regional, com o objetivo central de fomentar a conectividade a\u00e9rea fora dos grandes centros urbanos em um pa\u00eds com dimens\u00f5es continentais como o Brasil.<\/p>\n<h2>Impacto nos voos pelo pa\u00eds<\/h2>\n<p>A estrat\u00e9gia das grandes companhias visa aproveitar essa brecha legal para reduzir custos operacionais, enquanto o governo avalia os impactos dessa classifica\u00e7\u00e3o nos cofres p\u00fablicos e no equil\u00edbrio da concorr\u00eancia no mercado nacional de transporte a\u00e9reo.<\/p>\n<p>As discuss\u00f5es continuam intensas nos bastidores de Bras\u00edlia, restando poucos meses para a implementa\u00e7\u00e3o definitiva das novas regras fiscais que v\u00e3o transformar o sistema de cobran\u00e7a de impostos em todo o territ\u00f3rio brasileiro.<\/p>\n<p>Por Reda\u00e7\u00e3o Acontece<\/p>\n<p>Cr\u00e9ditos da imagem: Divulga\u00e7\u00e3o<\/p>\n","protected":false},"excerpt":{"rendered":"<p>Com a proximidade da entrada em vigor da Reforma Tribut\u00e1ria em janeiro, grandes empresas de avia\u00e7\u00e3o est\u00e3o em p\u00e9 de guerra com a equipe econ\u00f4mica do governo federal para conseguir o enquadramento como operadoras de voos regionais e, assim, garantir uma carga tribut\u00e1ria menor. Disputa por benef\u00edcios fiscais A legisla\u00e7\u00e3o aprovada pelo Congresso Nacional concedeu [&hellip;]<\/p>\n","protected":false},"author":0,"featured_media":36538,"comment_status":"open","ping_status":"open","sticky":false,"template":"","format":"standard","meta":{"footnotes":""},"categories":[28],"tags":[],"class_list":["post-36528","post","type-post","status-publish","format-standard","has-post-thumbnail","hentry","category-mundo"],"_links":{"self":[{"href":"https:\/\/acontecenafronteira.com.br\/index.php\/wp-json\/wp\/v2\/posts\/36528","targetHints":{"allow":["GET"]}}],"collection":[{"href":"https:\/\/acontecenafronteira.com.br\/index.php\/wp-json\/wp\/v2\/posts"}],"about":[{"href":"https:\/\/acontecenafronteira.com.br\/index.php\/wp-json\/wp\/v2\/types\/post"}],"replies":[{"embeddable":true,"href":"https:\/\/acontecenafronteira.com.br\/index.php\/wp-json\/wp\/v2\/comments?post=36528"}],"version-history":[{"count":1,"href":"https:\/\/acontecenafronteira.com.br\/index.php\/wp-json\/wp\/v2\/posts\/36528\/revisions"}],"predecessor-version":[{"id":36537,"href":"https:\/\/acontecenafronteira.com.br\/index.php\/wp-json\/wp\/v2\/posts\/36528\/revisions\/36537"}],"wp:featuredmedia":[{"embeddable":true,"href":"https:\/\/acontecenafronteira.com.br\/index.php\/wp-json\/wp\/v2\/media\/36538"}],"wp:attachment":[{"href":"https:\/\/acontecenafronteira.com.br\/index.php\/wp-json\/wp\/v2\/media?parent=36528"}],"wp:term":[{"taxonomy":"category","embeddable":true,"href":"https:\/\/acontecenafronteira.com.br\/index.php\/wp-json\/wp\/v2\/categories?post=36528"},{"taxonomy":"post_tag","embeddable":true,"href":"https:\/\/acontecenafronteira.com.br\/index.php\/wp-json\/wp\/v2\/tags?post=36528"}],"curies":[{"name":"wp","href":"https:\/\/api.w.org\/{rel}","templated":true}]}}