{"id":36526,"date":"2026-09-06T04:36:44","date_gmt":"2026-09-06T07:36:44","guid":{"rendered":"https:\/\/acontecenafronteira.com.br\/?p=36526"},"modified":"2026-09-06T04:36:44","modified_gmt":"2026-09-06T07:36:44","slug":"foz-do-iguacu-violencia-no-mexico-choca-fas-de-rock-alternativo","status":"publish","type":"post","link":"https:\/\/acontecenafronteira.com.br\/index.php\/2026\/09\/06\/foz-do-iguacu-violencia-no-mexico-choca-fas-de-rock-alternativo\/","title":{"rendered":"Foz do Igua\u00e7u: Viol\u00eancia no M\u00e9xico choca f\u00e3s de rock alternativo"},"content":{"rendered":"<p>O assassinato brutal de Jonathan Samuel Mel\u00e9ndez Ochoa, conhecido artisticamente como &#8220;Honas&#8221;, gerou grande como\u00e7\u00e3o internacional e repercutiu entre f\u00e3s de m\u00fasica alternativa em v\u00e1rias regi\u00f5es, incluindo admiradores no estado do Paran\u00e1. O m\u00fasico de 38 anos, que atuava como tecladista, compositor, produtor e cofundador da famosa banda mexicana Camilo S\u00e9ptimo, foi morto a tiros ao lado de sua esposa gr\u00e1vida e de sua filha de apenas 3 anos dentro de uma cobertura.<\/p>\n<h2>A trajet\u00f3ria musical de Honas<\/h2>\n<p>O artista desempenhou um papel fundamental na consolida\u00e7\u00e3o do grupo, fundado em 2013 e reconhecido por sua sonoridade \u00fanica baseada em sintetizadores e elementos de indie rock e synth-pop. Ao longo de sua carreira, Mel\u00e9ndez participou ativamente da cria\u00e7\u00e3o de discos de sucesso como \u00d3leos, Navegantes e ECOS, al\u00e9m de deixar sua marca registrada em diversas composi\u00e7\u00f5es disponibilizadas nas plataformas de streaming.<\/p>\n<h2>Impacto na agenda e popularidade do grupo<\/h2>\n<p>Com mais de 1,4 milh\u00e3o de ouvintes mensais no Spotify e hits como No Conf\u00edes en M\u00ed e Inevitable, a banda mantinha uma agenda de shows bastante movimentada pelo M\u00e9xico. As apresenta\u00e7\u00f5es programadas para as pr\u00f3ximas semanas em cidades como Ciudad Ju\u00e1rez e Guadalajara colocaram o grupo no centro das aten\u00e7\u00f5es da m\u00eddia internacional ap\u00f3s a trag\u00e9dia.<\/p>\n<p>Ap\u00f3s o ocorrido, os demais integrantes do conjunto emitiram uma nota oficial definindo o colega como um irm\u00e3o amado e ressaltando que seu legado continuar\u00e1 vivo na mem\u00f3ria dos f\u00e3s e de todos que acompanharam sua trajet\u00f3ria art\u00edstica.<\/p>\n<p>Enquanto a investiga\u00e7\u00e3o policial avan\u00e7a no Estado do M\u00e9xico e dois suspeitos j\u00e1 foram detidos pelas autoridades locais, o mundo da m\u00fasica lamenta a perda precoce de uma das mentes criativas mais importantes da cena alternativa latino-americana atual.<\/p>\n<p>Por Reda\u00e7\u00e3o Acontece<\/p>\n<p>Cr\u00e9ditos da imagem: Divulga\u00e7\u00e3o \/ Camilo S\u00e9ptimo<\/p>\n","protected":false},"excerpt":{"rendered":"<p>O assassinato brutal de Jonathan Samuel Mel\u00e9ndez Ochoa, conhecido artisticamente como &#8220;Honas&#8221;, gerou grande como\u00e7\u00e3o internacional e repercutiu entre f\u00e3s de m\u00fasica alternativa em v\u00e1rias regi\u00f5es, incluindo admiradores no estado do Paran\u00e1. O m\u00fasico de 38 anos, que atuava como tecladista, compositor, produtor e cofundador da famosa banda mexicana Camilo S\u00e9ptimo, foi morto a tiros [&hellip;]<\/p>\n","protected":false},"author":0,"featured_media":36534,"comment_status":"open","ping_status":"open","sticky":false,"template":"","format":"standard","meta":{"footnotes":""},"categories":[28],"tags":[],"class_list":["post-36526","post","type-post","status-publish","format-standard","has-post-thumbnail","hentry","category-mundo"],"_links":{"self":[{"href":"https:\/\/acontecenafronteira.com.br\/index.php\/wp-json\/wp\/v2\/posts\/36526","targetHints":{"allow":["GET"]}}],"collection":[{"href":"https:\/\/acontecenafronteira.com.br\/index.php\/wp-json\/wp\/v2\/posts"}],"about":[{"href":"https:\/\/acontecenafronteira.com.br\/index.php\/wp-json\/wp\/v2\/types\/post"}],"replies":[{"embeddable":true,"href":"https:\/\/acontecenafronteira.com.br\/index.php\/wp-json\/wp\/v2\/comments?post=36526"}],"version-history":[{"count":1,"href":"https:\/\/acontecenafronteira.com.br\/index.php\/wp-json\/wp\/v2\/posts\/36526\/revisions"}],"predecessor-version":[{"id":36533,"href":"https:\/\/acontecenafronteira.com.br\/index.php\/wp-json\/wp\/v2\/posts\/36526\/revisions\/36533"}],"wp:featuredmedia":[{"embeddable":true,"href":"https:\/\/acontecenafronteira.com.br\/index.php\/wp-json\/wp\/v2\/media\/36534"}],"wp:attachment":[{"href":"https:\/\/acontecenafronteira.com.br\/index.php\/wp-json\/wp\/v2\/media?parent=36526"}],"wp:term":[{"taxonomy":"category","embeddable":true,"href":"https:\/\/acontecenafronteira.com.br\/index.php\/wp-json\/wp\/v2\/categories?post=36526"},{"taxonomy":"post_tag","embeddable":true,"href":"https:\/\/acontecenafronteira.com.br\/index.php\/wp-json\/wp\/v2\/tags?post=36526"}],"curies":[{"name":"wp","href":"https:\/\/api.w.org\/{rel}","templated":true}]}}