{"id":36506,"date":"2026-09-06T03:36:37","date_gmt":"2026-09-06T06:36:37","guid":{"rendered":"https:\/\/acontecenafronteira.com.br\/?p=36506"},"modified":"2026-09-06T03:36:37","modified_gmt":"2026-09-06T06:36:37","slug":"show-de-calvin-harris-no-parana-relembre-a-trajetoria-do-dj","status":"publish","type":"post","link":"https:\/\/acontecenafronteira.com.br\/index.php\/2026\/09\/06\/show-de-calvin-harris-no-parana-relembre-a-trajetoria-do-dj\/","title":{"rendered":"Show de Calvin Harris no Paran\u00e1: relembre a trajet\u00f3ria do DJ"},"content":{"rendered":"<p>O renomado DJ e produtor Calvin Harris possui uma trajet\u00f3ria de supera\u00e7\u00e3o antes de alcan\u00e7ar o estrelato internacional na m\u00fasica eletr\u00f4nica.<\/p>\n<h2>O in\u00edcio humilde na Esc\u00f3cia<\/h2>\n<p>Antes de se apresentar para grandes multid\u00f5es, o artista escoc\u00eas precisou ralar muito em empregos tradicionais em sua cidade natal, Dumfries.<\/p>\n<p>Adam Richard Wiles, nome verdadeiro do m\u00fasico, trabalhou limpando camar\u00f5es em uma peixaria local e acumulou fun\u00e7\u00f5es como repositor em supermercados e balconista em lojas de roupas. Ele pr\u00f3prio j\u00e1 brincou publicamente sobre ter sido o &#8220;garoto do p\u00e3o&#8221; e o &#8220;garoto do donut&#8221; em sua juventude.<\/p>\n<h2>Investimento na carreira musical<\/h2>\n<p>O dinheiro ganho com as horas extras nesses trabalhos servia integralmente para comprar equipamentos de \u00e1udio.<\/p>\n<p>Montando um est\u00fadio improvisado em seu pr\u00f3prio quarto, o jovem produtor passava os dias trabalhando para garantir o sustento e as noites criando suas primeiras batidas eletr\u00f4nicas, buscando uma oportunidade no competitivo mercado fonogr\u00e1fico da \u00e9poca.<\/p>\n<p>A virada de chave em sua carreira aconteceu quando passou a utilizar a internet como vitrine para divulgar suas produ\u00e7\u00f5es independentes, chamando a aten\u00e7\u00e3o da ind\u00fastria fonogr\u00e1fica global at\u00e9 consolidar parcerias de sucesso com grandes nomes da m\u00fasica pop mundial.<\/p>\n<p>Por Reda\u00e7\u00e3o Acontece<\/p>\n<p>Imagem: Divulga\u00e7\u00e3o<\/p>\n","protected":false},"excerpt":{"rendered":"<p>O renomado DJ e produtor Calvin Harris possui uma trajet\u00f3ria de supera\u00e7\u00e3o antes de alcan\u00e7ar o estrelato internacional na m\u00fasica eletr\u00f4nica. O in\u00edcio humilde na Esc\u00f3cia Antes de se apresentar para grandes multid\u00f5es, o artista escoc\u00eas precisou ralar muito em empregos tradicionais em sua cidade natal, Dumfries. Adam Richard Wiles, nome verdadeiro do m\u00fasico, trabalhou [&hellip;]<\/p>\n","protected":false},"author":0,"featured_media":36513,"comment_status":"open","ping_status":"open","sticky":false,"template":"","format":"standard","meta":{"footnotes":""},"categories":[28],"tags":[],"class_list":["post-36506","post","type-post","status-publish","format-standard","has-post-thumbnail","hentry","category-mundo"],"_links":{"self":[{"href":"https:\/\/acontecenafronteira.com.br\/index.php\/wp-json\/wp\/v2\/posts\/36506","targetHints":{"allow":["GET"]}}],"collection":[{"href":"https:\/\/acontecenafronteira.com.br\/index.php\/wp-json\/wp\/v2\/posts"}],"about":[{"href":"https:\/\/acontecenafronteira.com.br\/index.php\/wp-json\/wp\/v2\/types\/post"}],"replies":[{"embeddable":true,"href":"https:\/\/acontecenafronteira.com.br\/index.php\/wp-json\/wp\/v2\/comments?post=36506"}],"version-history":[{"count":1,"href":"https:\/\/acontecenafronteira.com.br\/index.php\/wp-json\/wp\/v2\/posts\/36506\/revisions"}],"predecessor-version":[{"id":36512,"href":"https:\/\/acontecenafronteira.com.br\/index.php\/wp-json\/wp\/v2\/posts\/36506\/revisions\/36512"}],"wp:featuredmedia":[{"embeddable":true,"href":"https:\/\/acontecenafronteira.com.br\/index.php\/wp-json\/wp\/v2\/media\/36513"}],"wp:attachment":[{"href":"https:\/\/acontecenafronteira.com.br\/index.php\/wp-json\/wp\/v2\/media?parent=36506"}],"wp:term":[{"taxonomy":"category","embeddable":true,"href":"https:\/\/acontecenafronteira.com.br\/index.php\/wp-json\/wp\/v2\/categories?post=36506"},{"taxonomy":"post_tag","embeddable":true,"href":"https:\/\/acontecenafronteira.com.br\/index.php\/wp-json\/wp\/v2\/tags?post=36506"}],"curies":[{"name":"wp","href":"https:\/\/api.w.org\/{rel}","templated":true}]}}