{"id":36496,"date":"2026-09-06T02:37:33","date_gmt":"2026-09-06T05:37:33","guid":{"rendered":"https:\/\/acontecenafronteira.com.br\/?p=36496"},"modified":"2026-09-06T02:37:33","modified_gmt":"2026-09-06T05:37:33","slug":"agenda-eleitoral-em-sp-candidatos-pausam-compromissos","status":"publish","type":"post","link":"https:\/\/acontecenafronteira.com.br\/index.php\/2026\/09\/06\/agenda-eleitoral-em-sp-candidatos-pausam-compromissos\/","title":{"rendered":"Agenda eleitoral em SP: candidatos pausam compromissos"},"content":{"rendered":"<p>A corrida eleitoral pelo Pal\u00e1cio dos Bandeirantes atinge o seu 22\u00ba dia de campanha oficial neste domingo (6\/9), contando com a participa\u00e7\u00e3o de sete postulantes na disputa pelo governo estadual.<\/p>\n<h2>Panorama da disputa em S\u00e3o Paulo<\/h2>\n<p>Entre os nomes que lideram as prefer\u00eancias do eleitorado nas pesquisas recentes est\u00e3o o atual governador Tarc\u00edsio de Freitas (Republicanos), que tenta a recondu\u00e7\u00e3o ao cargo, e o ex-ministro Fernando Haddad (PT).<\/p>\n<h3>Compromissos dos candidatos<\/h3>\n<p>A grande maioria dos concorrentes ao cargo executivo estadual decidiu n\u00e3o realizar atos p\u00fablicos de campanha neste dia de descanso. Nomes como Carlos Machado (PCB), Izadora Dias (PCO), Policial Edjane (Agir) e Vera L\u00facia (PSTU) n\u00e3o repassaram programa\u00e7\u00f5es oficiais para o p\u00fablico.<\/p>\n<p>Por sua vez, os principais favoritos na disputa, Tarc\u00edsio de Freitas (Republicanos) e Fernando Haddad (PT), tamb\u00e9m optaram por manter a agenda de rua totalmente vazia nesta data.<\/p>\n<p>A exce\u00e7\u00e3o na programa\u00e7\u00e3o do dia ficou restrita \u00e0 candidata Vivian Mendes (UP), que tem marcada uma s\u00e9rie de encontros internos com colaboradores e aliados pol\u00edticos na regi\u00e3o central da capital paulista, ocorrendo entre 10h e 17h no restaurante Al Janiah, situado no bairro da Bela Vista.<\/p>\n<p>As atividades de campanha devem ser retomadas com for\u00e7a total pelos partidos logo no in\u00edcio da pr\u00f3xima semana, com novos com\u00edcios e caminhadas em solo paulista.<\/p>\n<p>Por Reda\u00e7\u00e3o Acontece<\/p>\n<p>Imagem: Divulga\u00e7\u00e3o\/Campanha<\/p>\n","protected":false},"excerpt":{"rendered":"<p>A corrida eleitoral pelo Pal\u00e1cio dos Bandeirantes atinge o seu 22\u00ba dia de campanha oficial neste domingo (6\/9), contando com a participa\u00e7\u00e3o de sete postulantes na disputa pelo governo estadual. Panorama da disputa em S\u00e3o Paulo Entre os nomes que lideram as prefer\u00eancias do eleitorado nas pesquisas recentes est\u00e3o o atual governador Tarc\u00edsio de Freitas [&hellip;]<\/p>\n","protected":false},"author":0,"featured_media":36503,"comment_status":"open","ping_status":"open","sticky":false,"template":"","format":"standard","meta":{"footnotes":""},"categories":[6],"tags":[],"class_list":["post-36496","post","type-post","status-publish","format-standard","has-post-thumbnail","hentry","category-mercosul"],"_links":{"self":[{"href":"https:\/\/acontecenafronteira.com.br\/index.php\/wp-json\/wp\/v2\/posts\/36496","targetHints":{"allow":["GET"]}}],"collection":[{"href":"https:\/\/acontecenafronteira.com.br\/index.php\/wp-json\/wp\/v2\/posts"}],"about":[{"href":"https:\/\/acontecenafronteira.com.br\/index.php\/wp-json\/wp\/v2\/types\/post"}],"replies":[{"embeddable":true,"href":"https:\/\/acontecenafronteira.com.br\/index.php\/wp-json\/wp\/v2\/comments?post=36496"}],"version-history":[{"count":1,"href":"https:\/\/acontecenafronteira.com.br\/index.php\/wp-json\/wp\/v2\/posts\/36496\/revisions"}],"predecessor-version":[{"id":36502,"href":"https:\/\/acontecenafronteira.com.br\/index.php\/wp-json\/wp\/v2\/posts\/36496\/revisions\/36502"}],"wp:featuredmedia":[{"embeddable":true,"href":"https:\/\/acontecenafronteira.com.br\/index.php\/wp-json\/wp\/v2\/media\/36503"}],"wp:attachment":[{"href":"https:\/\/acontecenafronteira.com.br\/index.php\/wp-json\/wp\/v2\/media?parent=36496"}],"wp:term":[{"taxonomy":"category","embeddable":true,"href":"https:\/\/acontecenafronteira.com.br\/index.php\/wp-json\/wp\/v2\/categories?post=36496"},{"taxonomy":"post_tag","embeddable":true,"href":"https:\/\/acontecenafronteira.com.br\/index.php\/wp-json\/wp\/v2\/tags?post=36496"}],"curies":[{"name":"wp","href":"https:\/\/api.w.org\/{rel}","templated":true}]}}