{"id":36495,"date":"2026-09-06T02:37:17","date_gmt":"2026-09-06T05:37:17","guid":{"rendered":"https:\/\/acontecenafronteira.com.br\/?p=36495"},"modified":"2026-09-06T02:37:17","modified_gmt":"2026-09-06T05:37:17","slug":"foz-do-iguacu-operacao-investiga-desvio-de-carga-milionaria","status":"publish","type":"post","link":"https:\/\/acontecenafronteira.com.br\/index.php\/2026\/09\/06\/foz-do-iguacu-operacao-investiga-desvio-de-carga-milionaria\/","title":{"rendered":"Foz do Igua\u00e7u: Opera\u00e7\u00e3o investiga desvio de carga milion\u00e1ria"},"content":{"rendered":"<p>As investiga\u00e7\u00f5es sobre um suposto esquema de desvio de uma carga de vergalh\u00f5es avaliada em R$ 1,4 milh\u00e3o ganharam novos cap\u00edtulos ap\u00f3s revela\u00e7\u00f5es de conversas em aplicativos de mensagens que apontam o envolvimento de policiais civis e empres\u00e1rios da regi\u00e3o.<\/p>\n<h2>Detalhes da Investiga\u00e7\u00e3o<\/h2>\n<p>O processo conduzido pelas autoridades aponta que a atua\u00e7\u00e3o de um delegado, um escriv\u00e3o e um agente est\u00e1 sob escrut\u00ednio rigoroso. Documentos anexados aos autos indicam que um empres\u00e1rio local teria financiado a compra de bebidas para uma festa de confraterniza\u00e7\u00e3o de uma delegacia especializada, levantando suspeitas sobre a proximidade entre os investigados e os alvos da opera\u00e7\u00e3o.<\/p>\n<p>A Justi\u00e7a determinou o afastamento cautelar dos servidores p\u00fablicos envolvidos por um per\u00edodo inicial de 90 dias. Al\u00e9m da suspens\u00e3o das atividades, a decis\u00e3o incluiu o recolhimento imediato de armas, distintivos e carteiras funcionais, bem como o bloqueio de acessos aos sistemas policiais.<\/p>\n<h2>Defesa e Contrapontos<\/h2>\n<p>Por meio de sua defesa, o delegado citado negou veementemente todas as acusa\u00e7\u00f5es de desvio de cargas e recebimento de propina. Os advogados argumentam que a unidade policial sofria com a falta de estrutura adequada para o armazenamento de materiais apreendidos e que o pr\u00f3prio delegado havia alertado \u00f3rg\u00e3os de controle e o Minist\u00e9rio P\u00fablico sobre a situa\u00e7\u00e3o log\u00edstica meses antes da deflagra\u00e7\u00e3o da opera\u00e7\u00e3o.<\/p>\n<p>Por Reda\u00e7\u00e3o Acontece<\/p>\n<p>Foto: Divulga\u00e7\u00e3o\/Pol\u00edcia Civil<\/p>\n","protected":false},"excerpt":{"rendered":"<p>As investiga\u00e7\u00f5es sobre um suposto esquema de desvio de uma carga de vergalh\u00f5es avaliada em R$ 1,4 milh\u00e3o ganharam novos cap\u00edtulos ap\u00f3s revela\u00e7\u00f5es de conversas em aplicativos de mensagens que apontam o envolvimento de policiais civis e empres\u00e1rios da regi\u00e3o. Detalhes da Investiga\u00e7\u00e3o O processo conduzido pelas autoridades aponta que a atua\u00e7\u00e3o de um delegado, [&hellip;]<\/p>\n","protected":false},"author":0,"featured_media":36501,"comment_status":"open","ping_status":"open","sticky":false,"template":"","format":"standard","meta":{"footnotes":""},"categories":[6],"tags":[],"class_list":["post-36495","post","type-post","status-publish","format-standard","has-post-thumbnail","hentry","category-mercosul"],"_links":{"self":[{"href":"https:\/\/acontecenafronteira.com.br\/index.php\/wp-json\/wp\/v2\/posts\/36495","targetHints":{"allow":["GET"]}}],"collection":[{"href":"https:\/\/acontecenafronteira.com.br\/index.php\/wp-json\/wp\/v2\/posts"}],"about":[{"href":"https:\/\/acontecenafronteira.com.br\/index.php\/wp-json\/wp\/v2\/types\/post"}],"replies":[{"embeddable":true,"href":"https:\/\/acontecenafronteira.com.br\/index.php\/wp-json\/wp\/v2\/comments?post=36495"}],"version-history":[{"count":1,"href":"https:\/\/acontecenafronteira.com.br\/index.php\/wp-json\/wp\/v2\/posts\/36495\/revisions"}],"predecessor-version":[{"id":36500,"href":"https:\/\/acontecenafronteira.com.br\/index.php\/wp-json\/wp\/v2\/posts\/36495\/revisions\/36500"}],"wp:featuredmedia":[{"embeddable":true,"href":"https:\/\/acontecenafronteira.com.br\/index.php\/wp-json\/wp\/v2\/media\/36501"}],"wp:attachment":[{"href":"https:\/\/acontecenafronteira.com.br\/index.php\/wp-json\/wp\/v2\/media?parent=36495"}],"wp:term":[{"taxonomy":"category","embeddable":true,"href":"https:\/\/acontecenafronteira.com.br\/index.php\/wp-json\/wp\/v2\/categories?post=36495"},{"taxonomy":"post_tag","embeddable":true,"href":"https:\/\/acontecenafronteira.com.br\/index.php\/wp-json\/wp\/v2\/tags?post=36495"}],"curies":[{"name":"wp","href":"https:\/\/api.w.org\/{rel}","templated":true}]}}