{"id":36483,"date":"2026-09-06T02:36:48","date_gmt":"2026-09-06T05:36:48","guid":{"rendered":"https:\/\/acontecenafronteira.com.br\/?p=36483"},"modified":"2026-09-06T02:36:48","modified_gmt":"2026-09-06T05:36:48","slug":"silicone-polemica-com-famosa-revive-duvidas-sobre-troca-de-proteses","status":"publish","type":"post","link":"https:\/\/acontecenafronteira.com.br\/index.php\/2026\/09\/06\/silicone-polemica-com-famosa-revive-duvidas-sobre-troca-de-proteses\/","title":{"rendered":"Silicone: pol\u00eamica com famosa revive d\u00favidas sobre troca de pr\u00f3teses"},"content":{"rendered":"<p>A recente repercuss\u00e3o envolvendo a influenciadora <strong>Virginia Fonseca<\/strong> nas redes sociais trouxe novamente \u00e0 tona o debate sobre a seguran\u00e7a e a evolu\u00e7\u00e3o das <strong>pr\u00f3teses de silicone<\/strong>. O caso ilustra uma mudan\u00e7a profunda na cirurgia pl\u00e1stica moderna: os implantes mam\u00e1rios passaram por significativas transforma\u00e7\u00f5es tecnol\u00f3gicas ao longo dos anos, fazendo com que modelos populares no passado perdessem espa\u00e7o para novas op\u00e7\u00f5es mais seguras e naturais.<\/p>\n<h2>Entenda os riscos da contratura capsular<\/h2>\n<p>Entre as principais apreens\u00f5es associadas aos implantes est\u00e1 a <strong>contratura capsular<\/strong>, fen\u00f4meno conhecido popularmente como encapsulamento. A forma\u00e7\u00e3o de uma membrana de tecido ao redor do silicone \u00e9 uma rea\u00e7\u00e3o biol\u00f3gica totalmente esperada do corpo humano. O problema ocorre quando essa estrutura sofre uma contra\u00e7\u00e3o exagerada, resultando em mamas endurecidas, deforma\u00e7\u00f5es est\u00e9ticas e, nos est\u00e1gios mais cr\u00edticos, fortes dores para a paciente.<\/p>\n<p>Especialistas refor\u00e7am que diversos fatores influenciam esse processo inflamat\u00f3rio. Condi\u00e7\u00f5es como hematomas, infec\u00e7\u00f5es e a pr\u00f3pria resposta imunol\u00f3gica do organismo desempenham pap\u00e9is cruciais, o que impede culpar apenas um \u00fanico elemento pelo problema.<\/p>\n<h2>Avan\u00e7os tecnol\u00f3gicos e personaliza\u00e7\u00e3o cir\u00fargica<\/h2>\n<p>As inova\u00e7\u00f5es tecnol\u00f3gicas abrangeram desde a superf\u00edcie e o formato at\u00e9 o preenchimento, o perfil e a posi\u00e7\u00e3o anat\u00f4mica dos implantes. Com isso, o planejamento cir\u00fargico atual abandonou a ideia de uma f\u00f3rmula \u00fanica e padronizada para todas as pacientes.<\/p>\n<p>Hoje em dia, a abordagem prioriza a individualiza\u00e7\u00e3o do procedimento. Os cirurgi\u00f5es pl\u00e1sticos avaliam rigorosamente a anatomia da mulher, a espessura da pele, a quantidade de tecido mam\u00e1rio existente, o tamanho desejado e as expectativas individuais antes de definir o melhor material.<\/p>\n<h2>Pr\u00f3teses antigas precisam ser substitu\u00eddas?<\/h2>\n<p>Uma d\u00favida muito comum entre mulheres que colocaram silicone h\u00e1 bastante tempo \u00e9 se a obsolesc\u00eancia de determinados modelos exige uma troca obrigat\u00f3ria. Profissionais da \u00e1rea esclarecem que a idade do dispositivo, de forma isolada, n\u00e3o justifica uma interven\u00e7\u00e3o cir\u00fargica imediata.<\/p>\n<p>A necessidade de substitui\u00e7\u00e3o deve ser avaliada caso a caso, considerando exames de rotina, o hist\u00f3rico cl\u00ednico da paciente e a integridade do material. Modelos que perderam espa\u00e7o no mercado n\u00e3o significam um risco iminente para quem os utiliza sem apresentar sintomas.<\/p>\n<h2>Sinais de alerta para procurar um m\u00e9dico<\/h2>\n<p>Ficar atenta aos sinais do pr\u00f3prio corpo \u00e9 fundamental para a sa\u00fade das mamas. Altera\u00e7\u00f5es repentinas, como endurecimento excessivo, modifica\u00e7\u00f5es no formato est\u00e9tico, deslocamento vis\u00edvel da pr\u00f3tese, incha\u00e7o ou dores incomuns, exigem uma investiga\u00e7\u00e3o m\u00e9dica especializada imediata.<\/p>\n<p>Manter exames de rotina atualizados e realizar consultas peri\u00f3dicas com um cirurgi\u00e3o pl\u00e1stico s\u00e3o as principais recomenda\u00e7\u00f5es para garantir a seguran\u00e7a e o bem-estar a longo prazo, independentemente do tipo de implante utilizado.<\/p>\n<p>Por Reda\u00e7\u00e3o Acontece<\/p>\n<p>Reprodu\u00e7\u00e3o Instagram<\/p>\n","protected":false},"excerpt":{"rendered":"<p>A recente repercuss\u00e3o envolvendo a influenciadora Virginia Fonseca nas redes sociais trouxe novamente \u00e0 tona o debate sobre a seguran\u00e7a e a evolu\u00e7\u00e3o das pr\u00f3teses de silicone. O caso ilustra uma mudan\u00e7a profunda na cirurgia pl\u00e1stica moderna: os implantes mam\u00e1rios passaram por significativas transforma\u00e7\u00f5es tecnol\u00f3gicas ao longo dos anos, fazendo com que modelos populares no [&hellip;]<\/p>\n","protected":false},"author":0,"featured_media":36492,"comment_status":"open","ping_status":"open","sticky":false,"template":"","format":"standard","meta":{"footnotes":""},"categories":[28],"tags":[],"class_list":["post-36483","post","type-post","status-publish","format-standard","has-post-thumbnail","hentry","category-mundo"],"_links":{"self":[{"href":"https:\/\/acontecenafronteira.com.br\/index.php\/wp-json\/wp\/v2\/posts\/36483","targetHints":{"allow":["GET"]}}],"collection":[{"href":"https:\/\/acontecenafronteira.com.br\/index.php\/wp-json\/wp\/v2\/posts"}],"about":[{"href":"https:\/\/acontecenafronteira.com.br\/index.php\/wp-json\/wp\/v2\/types\/post"}],"replies":[{"embeddable":true,"href":"https:\/\/acontecenafronteira.com.br\/index.php\/wp-json\/wp\/v2\/comments?post=36483"}],"version-history":[{"count":1,"href":"https:\/\/acontecenafronteira.com.br\/index.php\/wp-json\/wp\/v2\/posts\/36483\/revisions"}],"predecessor-version":[{"id":36491,"href":"https:\/\/acontecenafronteira.com.br\/index.php\/wp-json\/wp\/v2\/posts\/36483\/revisions\/36491"}],"wp:featuredmedia":[{"embeddable":true,"href":"https:\/\/acontecenafronteira.com.br\/index.php\/wp-json\/wp\/v2\/media\/36492"}],"wp:attachment":[{"href":"https:\/\/acontecenafronteira.com.br\/index.php\/wp-json\/wp\/v2\/media?parent=36483"}],"wp:term":[{"taxonomy":"category","embeddable":true,"href":"https:\/\/acontecenafronteira.com.br\/index.php\/wp-json\/wp\/v2\/categories?post=36483"},{"taxonomy":"post_tag","embeddable":true,"href":"https:\/\/acontecenafronteira.com.br\/index.php\/wp-json\/wp\/v2\/tags?post=36483"}],"curies":[{"name":"wp","href":"https:\/\/api.w.org\/{rel}","templated":true}]}}