{"id":36481,"date":"2026-09-06T02:36:20","date_gmt":"2026-09-06T05:36:20","guid":{"rendered":"https:\/\/acontecenafronteira.com.br\/?p=36481"},"modified":"2026-09-06T02:36:20","modified_gmt":"2026-09-06T05:36:20","slug":"carrascal-brilha-no-flamengo-e-vive-fase-decisiva-no-brasileirao","status":"publish","type":"post","link":"https:\/\/acontecenafronteira.com.br\/index.php\/2026\/09\/06\/carrascal-brilha-no-flamengo-e-vive-fase-decisiva-no-brasileirao\/","title":{"rendered":"Carrascal brilha no Flamengo e vive fase decisiva no Brasileir\u00e3o"},"content":{"rendered":"<p>O meia colombiano Carrascal completou recentemente seu primeiro ano defendendo as cores do Flamengo vivendo o momento mais decisivo e maduro desde a sua chegada ao clube carioca, coincidindo com a reta crucial da temporada no Campeonato Brasileiro.<\/p>\n<h2>Fase artilheira e n\u00fameros expressivos<\/h2>\n<p>\nNos \u00faltimos sete confrontos disputados na temporada, o meio-campista acumulou oito participa\u00e7\u00f5es diretas em gols, balan\u00e7ando as redes tr\u00eas vezes e distribuindo cinco assist\u00eancias para os companheiros, com grande destaque para a vit\u00f3ria sobre o Mirassol.<\/p>\n<h2>Polival\u00eancia t\u00e1tica em campo<\/h2>\n<p>\nConvocado pela sele\u00e7\u00e3o colombiana para a \u00faltima Copa do Mundo, o atleta demonstra grande utilidade para o t\u00e9cnico Leonardo Jardim, atuando de forma centralizada na cria\u00e7\u00e3o de jogadas ou flutuando pelos lados esquerdo e direito do campo.<\/p>\n<h2>Supera\u00e7\u00e3o de pol\u00eamicas e hist\u00f3rico<\/h2>\n<p>\nApesar do talento ineg\u00e1vel, a trajet\u00f3ria do camisa 15 na equipe foi marcada por oscila\u00e7\u00f5es, hist\u00f3rico de cart\u00f5es vermelhos em partidas fundamentais e puni\u00e7\u00f5es disciplinares aplicadas tanto pelo STJD quanto internamente pela diretoria rubro-negra.<\/p>\n<h2>Retomada e confian\u00e7a da comiss\u00e3o t\u00e9cnica<\/h2>\n<p>\nCom uma mudan\u00e7a n\u00edtida de postura ap\u00f3s o per\u00edodo mundialista, o jogador reconquistou o prest\u00edgio com o comandante portugu\u00eas, que destaca a excelente rela\u00e7\u00e3o do atleta com a bola, sua capacidade de press\u00e3o e a intensidade para acelerar o ritmo das partidas.<\/p>\n<p>Por Reda\u00e7\u00e3o Acontece<\/p>\n<p>Gilvan de Souza\/Flamengo<\/p>\n","protected":false},"excerpt":{"rendered":"<p>O meia colombiano Carrascal completou recentemente seu primeiro ano defendendo as cores do Flamengo vivendo o momento mais decisivo e maduro desde a sua chegada ao clube carioca, coincidindo com a reta crucial da temporada no Campeonato Brasileiro. Fase artilheira e n\u00fameros expressivos Nos \u00faltimos sete confrontos disputados na temporada, o meio-campista acumulou oito participa\u00e7\u00f5es [&hellip;]<\/p>\n","protected":false},"author":0,"featured_media":36488,"comment_status":"open","ping_status":"open","sticky":false,"template":"","format":"standard","meta":{"footnotes":""},"categories":[28],"tags":[],"class_list":["post-36481","post","type-post","status-publish","format-standard","has-post-thumbnail","hentry","category-mundo"],"_links":{"self":[{"href":"https:\/\/acontecenafronteira.com.br\/index.php\/wp-json\/wp\/v2\/posts\/36481","targetHints":{"allow":["GET"]}}],"collection":[{"href":"https:\/\/acontecenafronteira.com.br\/index.php\/wp-json\/wp\/v2\/posts"}],"about":[{"href":"https:\/\/acontecenafronteira.com.br\/index.php\/wp-json\/wp\/v2\/types\/post"}],"replies":[{"embeddable":true,"href":"https:\/\/acontecenafronteira.com.br\/index.php\/wp-json\/wp\/v2\/comments?post=36481"}],"version-history":[{"count":1,"href":"https:\/\/acontecenafronteira.com.br\/index.php\/wp-json\/wp\/v2\/posts\/36481\/revisions"}],"predecessor-version":[{"id":36487,"href":"https:\/\/acontecenafronteira.com.br\/index.php\/wp-json\/wp\/v2\/posts\/36481\/revisions\/36487"}],"wp:featuredmedia":[{"embeddable":true,"href":"https:\/\/acontecenafronteira.com.br\/index.php\/wp-json\/wp\/v2\/media\/36488"}],"wp:attachment":[{"href":"https:\/\/acontecenafronteira.com.br\/index.php\/wp-json\/wp\/v2\/media?parent=36481"}],"wp:term":[{"taxonomy":"category","embeddable":true,"href":"https:\/\/acontecenafronteira.com.br\/index.php\/wp-json\/wp\/v2\/categories?post=36481"},{"taxonomy":"post_tag","embeddable":true,"href":"https:\/\/acontecenafronteira.com.br\/index.php\/wp-json\/wp\/v2\/tags?post=36481"}],"curies":[{"name":"wp","href":"https:\/\/api.w.org\/{rel}","templated":true}]}}