{"id":36480,"date":"2026-09-06T02:36:00","date_gmt":"2026-09-06T05:36:00","guid":{"rendered":"https:\/\/acontecenafronteira.com.br\/?p=36480"},"modified":"2026-09-06T02:36:00","modified_gmt":"2026-09-06T05:36:00","slug":"eleicoes-no-parana-cenario-politico-e-impacto-regional","status":"publish","type":"post","link":"https:\/\/acontecenafronteira.com.br\/index.php\/2026\/09\/06\/eleicoes-no-parana-cenario-politico-e-impacto-regional\/","title":{"rendered":"Elei\u00e7\u00f5es no Paran\u00e1: cen\u00e1rio pol\u00edtico e impacto regional"},"content":{"rendered":"<p>A movimenta\u00e7\u00e3o pol\u00edtica no estado do Paran\u00e1 ganha novos contornos com articula\u00e7\u00f5es de bastidores e estrat\u00e9gias dos principais grupos partid\u00e1rios para o pr\u00f3ximo pleito.<\/p>\n<h2>Cen\u00e1rio pol\u00edtico atual<\/h2>\n<p>O ambiente eleitoral paranaense \u00e9 marcado por intensa prepara\u00e7\u00e3o dos partidos, que buscam consolidar alian\u00e7as estrat\u00e9gicas e definir nomes competitivos para a disputa.<\/p>\n<h2>Impacto das alian\u00e7as<\/h2>\n<p>As composi\u00e7\u00f5es partid\u00e1rias na regi\u00e3o tendem a polarizar a prefer\u00eancia dos eleitores, exigindo dos candidatos campanhas focadas em propostas concretas para o desenvolvimento estadual.<\/p>\n<p>Os debates econ\u00f4micos e sociais continuam no centro das discuss\u00f5es, refletindo as principais demandas da popula\u00e7\u00e3o do estado em \u00e1reas como infraestrutura e servi\u00e7os p\u00fablicos.<\/p>\n<p>A expectativa dos analistas \u00e9 que a corrida eleitoral no Paran\u00e1 traga inova\u00e7\u00f5es na forma de fazer campanha, com forte presen\u00e7a nas plataformas digitais.<\/p>\n<p>Por Reda\u00e7\u00e3o Acontece<\/p>\n<p>Cr\u00e9ditos da imagem: Divulga\u00e7\u00e3o<\/p>\n","protected":false},"excerpt":{"rendered":"<p>A movimenta\u00e7\u00e3o pol\u00edtica no estado do Paran\u00e1 ganha novos contornos com articula\u00e7\u00f5es de bastidores e estrat\u00e9gias dos principais grupos partid\u00e1rios para o pr\u00f3ximo pleito. Cen\u00e1rio pol\u00edtico atual O ambiente eleitoral paranaense \u00e9 marcado por intensa prepara\u00e7\u00e3o dos partidos, que buscam consolidar alian\u00e7as estrat\u00e9gicas e definir nomes competitivos para a disputa. Impacto das alian\u00e7as As composi\u00e7\u00f5es [&hellip;]<\/p>\n","protected":false},"author":0,"featured_media":36486,"comment_status":"open","ping_status":"open","sticky":false,"template":"","format":"standard","meta":{"footnotes":""},"categories":[28],"tags":[],"class_list":["post-36480","post","type-post","status-publish","format-standard","has-post-thumbnail","hentry","category-mundo"],"_links":{"self":[{"href":"https:\/\/acontecenafronteira.com.br\/index.php\/wp-json\/wp\/v2\/posts\/36480","targetHints":{"allow":["GET"]}}],"collection":[{"href":"https:\/\/acontecenafronteira.com.br\/index.php\/wp-json\/wp\/v2\/posts"}],"about":[{"href":"https:\/\/acontecenafronteira.com.br\/index.php\/wp-json\/wp\/v2\/types\/post"}],"replies":[{"embeddable":true,"href":"https:\/\/acontecenafronteira.com.br\/index.php\/wp-json\/wp\/v2\/comments?post=36480"}],"version-history":[{"count":1,"href":"https:\/\/acontecenafronteira.com.br\/index.php\/wp-json\/wp\/v2\/posts\/36480\/revisions"}],"predecessor-version":[{"id":36485,"href":"https:\/\/acontecenafronteira.com.br\/index.php\/wp-json\/wp\/v2\/posts\/36480\/revisions\/36485"}],"wp:featuredmedia":[{"embeddable":true,"href":"https:\/\/acontecenafronteira.com.br\/index.php\/wp-json\/wp\/v2\/media\/36486"}],"wp:attachment":[{"href":"https:\/\/acontecenafronteira.com.br\/index.php\/wp-json\/wp\/v2\/media?parent=36480"}],"wp:term":[{"taxonomy":"category","embeddable":true,"href":"https:\/\/acontecenafronteira.com.br\/index.php\/wp-json\/wp\/v2\/categories?post=36480"},{"taxonomy":"post_tag","embeddable":true,"href":"https:\/\/acontecenafronteira.com.br\/index.php\/wp-json\/wp\/v2\/tags?post=36480"}],"curies":[{"name":"wp","href":"https:\/\/api.w.org\/{rel}","templated":true}]}}