{"id":36469,"date":"2026-09-06T01:36:45","date_gmt":"2026-09-06T04:36:45","guid":{"rendered":"https:\/\/acontecenafronteira.com.br\/?p=36469"},"modified":"2026-09-06T01:36:45","modified_gmt":"2026-09-06T04:36:45","slug":"crise-no-stf-oab-do-parana-monitora-tensionamento-em-brasilia","status":"publish","type":"post","link":"https:\/\/acontecenafronteira.com.br\/index.php\/2026\/09\/06\/crise-no-stf-oab-do-parana-monitora-tensionamento-em-brasilia\/","title":{"rendered":"Crise no STF: OAB do Paran\u00e1 monitora tensionamento em Bras\u00edlia"},"content":{"rendered":"<p>Diante do acirramento das tens\u00f5es na mais alta corte do pa\u00eds, entidades representativas da advocacia iniciaram articula\u00e7\u00f5es para definir uma postura oficial frente ao atual momento pol\u00edtico e institucional vivido em Bras\u00edlia.<\/p>\n<h2>Reuni\u00e3o extraordin\u00e1ria convoca lideran\u00e7as<\/h2>\n<p>Paulo Siqueira, presidente da seccional do Distrito Federal da Ordem dos Advogados do Brasil, determinou a realiza\u00e7\u00e3o de um encontro de car\u00e1ter emergencial com o Conselho Seccional. A assembleia foi marcada para a pr\u00f3xima ter\u00e7a-feira (8\/9), a partir das 19h, com o prop\u00f3sito central de debater os epis\u00f3dios recentes que abalaram o Supremo Tribunal Federal.<\/p>\n<p>A pauta do encontro prev\u00ea a formula\u00e7\u00e3o de um posicionamento oficial da classe jur\u00eddica, que posteriormente ser\u00e1 enviado tanto \u00e0 diretoria executiva nacional da entidade quanto \u00e0 presid\u00eancia da Corte Suprema.<\/p>\n<h2>Contexto de cobran\u00e7as e viagem ao exterior<\/h2>\n<p>O movimento ocorre em um cen\u00e1rio de intensa press\u00e3o sobre os poderes da Rep\u00fablica. Enquanto a base da advocacia discute medidas em solo brasileiro, parte dos dirigentes do Conselho Federal da Ordem encontra-se na cidade de Lugano, na Su\u00ed\u00e7a, participando do evento Europe Brazil Legal Summit, voltado a debates sobre regula\u00e7\u00e3o, tecnologia e mercado.<\/p>\n<p>Diante do desgaste, a c\u00fapula nacional da OAB emitiu um comunicado oficial expressando apreens\u00e3o com os epis\u00f3dios recentes e reiterando a necessidade de investiga\u00e7\u00f5es rigorosas que respeitem estritamente as garantias constitucionais, como a ampla defesa e a presun\u00e7\u00e3o de inoc\u00eancia.<\/p>\n<p>O epis\u00f3dio evidencia o grau de aten\u00e7\u00e3o com que os profissionais do direito acompanham os desdobramentos pol\u00edticos na capital federal, buscando assegurar a estabilidade das institui\u00e7\u00f5es democr\u00e1ticas brasileiras.<\/p>\n<p>Por Reda\u00e7\u00e3o Acontece<\/p>\n<p>Foto: Divulga\u00e7\u00e3o \/ STF<\/p>\n","protected":false},"excerpt":{"rendered":"<p>Diante do acirramento das tens\u00f5es na mais alta corte do pa\u00eds, entidades representativas da advocacia iniciaram articula\u00e7\u00f5es para definir uma postura oficial frente ao atual momento pol\u00edtico e institucional vivido em Bras\u00edlia. Reuni\u00e3o extraordin\u00e1ria convoca lideran\u00e7as Paulo Siqueira, presidente da seccional do Distrito Federal da Ordem dos Advogados do Brasil, determinou a realiza\u00e7\u00e3o de um [&hellip;]<\/p>\n","protected":false},"author":0,"featured_media":36479,"comment_status":"open","ping_status":"open","sticky":false,"template":"","format":"standard","meta":{"footnotes":""},"categories":[6],"tags":[],"class_list":["post-36469","post","type-post","status-publish","format-standard","has-post-thumbnail","hentry","category-mercosul"],"_links":{"self":[{"href":"https:\/\/acontecenafronteira.com.br\/index.php\/wp-json\/wp\/v2\/posts\/36469","targetHints":{"allow":["GET"]}}],"collection":[{"href":"https:\/\/acontecenafronteira.com.br\/index.php\/wp-json\/wp\/v2\/posts"}],"about":[{"href":"https:\/\/acontecenafronteira.com.br\/index.php\/wp-json\/wp\/v2\/types\/post"}],"replies":[{"embeddable":true,"href":"https:\/\/acontecenafronteira.com.br\/index.php\/wp-json\/wp\/v2\/comments?post=36469"}],"version-history":[{"count":1,"href":"https:\/\/acontecenafronteira.com.br\/index.php\/wp-json\/wp\/v2\/posts\/36469\/revisions"}],"predecessor-version":[{"id":36478,"href":"https:\/\/acontecenafronteira.com.br\/index.php\/wp-json\/wp\/v2\/posts\/36469\/revisions\/36478"}],"wp:featuredmedia":[{"embeddable":true,"href":"https:\/\/acontecenafronteira.com.br\/index.php\/wp-json\/wp\/v2\/media\/36479"}],"wp:attachment":[{"href":"https:\/\/acontecenafronteira.com.br\/index.php\/wp-json\/wp\/v2\/media?parent=36469"}],"wp:term":[{"taxonomy":"category","embeddable":true,"href":"https:\/\/acontecenafronteira.com.br\/index.php\/wp-json\/wp\/v2\/categories?post=36469"},{"taxonomy":"post_tag","embeddable":true,"href":"https:\/\/acontecenafronteira.com.br\/index.php\/wp-json\/wp\/v2\/tags?post=36469"}],"curies":[{"name":"wp","href":"https:\/\/api.w.org\/{rel}","templated":true}]}}