{"id":36468,"date":"2026-09-06T01:36:41","date_gmt":"2026-09-06T04:36:41","guid":{"rendered":"https:\/\/acontecenafronteira.com.br\/?p=36468"},"modified":"2026-09-06T01:36:41","modified_gmt":"2026-09-06T04:36:41","slug":"barbara-borges-anuncia-fim-do-namoro-com-iran-malfitano","status":"publish","type":"post","link":"https:\/\/acontecenafronteira.com.br\/index.php\/2026\/09\/06\/barbara-borges-anuncia-fim-do-namoro-com-iran-malfitano\/","title":{"rendered":"B\u00e1rbara Borges anuncia fim do namoro com Iran Malfitano"},"content":{"rendered":"<p>A atriz B\u00e1rbara Borges surpreendeu o p\u00fablico ao anunciar, neste s\u00e1bado (5\/9), o fim do seu relacionamento com o ator Iran Malfitano ap\u00f3s tr\u00eas anos juntos. A artista utilizou os stories de seu perfil oficial no Instagram para compartilhar um comunicado oficial sobre o t\u00e9rmino com os seguidores.<\/p>\n<h2>Fim da uni\u00e3o<\/h2>\n<p>No texto publicado na rede social, a famosa revelou que a separa\u00e7\u00e3o aconteceu h\u00e1 algum tempo. Ela detalhou que os dois j\u00e1 n\u00e3o moram mais na mesma casa e que o rompimento ocorreu h\u00e1 dois meses.<\/p>\n<h2>Hist\u00f3ria do casal<\/h2>\n<p>A artista tamb\u00e9m aproveitou o momento para relembrar como a rela\u00e7\u00e3o come\u00e7ou, mencionando a grande exposi\u00e7\u00e3o que ambos enfrentaram durante a participa\u00e7\u00e3o em um reality show. Ela destacou o carinho e a torcida que receberam do p\u00fablico ao longo desse per\u00edodo e justificou que o comunicado \u00e9 uma forma de respeito aos f\u00e3s que passaram a notar a aus\u00eancia de registros juntos.<\/p>\n<h2>Motivos do t\u00e9rmino<\/h2>\n<p>Sem esconder a dificuldade do momento, a atriz pontuou que decis\u00f5es como essa exigem tempo de assimila\u00e7\u00e3o e que o processo n\u00e3o tem sido simples para nenhum dos dois. Ela mencionou que o casal enfrentou problemas recorrentes que acabaram desgastando o romance com o passar do tempo.<\/p>\n<h2>Amizade de longa data<\/h2>\n<p>Apesar do fim do namoro, a famosa fez quest\u00e3o de ressaltar que a hist\u00f3ria deles \u00e9 antiga e vai al\u00e9m do romance. Segundo ela, os dois mant\u00eam uma amizade s\u00f3lida de mais de duas d\u00e9cadas, v\u00ednculo que ela garante continuar preservando, refor\u00e7ando que o momento \u00e9 delicado, mas passageiro.<\/p>\n<p>Por Reda\u00e7\u00e3o Acontece<\/p>\n<p>Instagram\/Reprodu\u00e7\u00e3o<\/p>\n","protected":false},"excerpt":{"rendered":"<p>A atriz B\u00e1rbara Borges surpreendeu o p\u00fablico ao anunciar, neste s\u00e1bado (5\/9), o fim do seu relacionamento com o ator Iran Malfitano ap\u00f3s tr\u00eas anos juntos. A artista utilizou os stories de seu perfil oficial no Instagram para compartilhar um comunicado oficial sobre o t\u00e9rmino com os seguidores. Fim da uni\u00e3o No texto publicado na [&hellip;]<\/p>\n","protected":false},"author":0,"featured_media":36477,"comment_status":"open","ping_status":"open","sticky":false,"template":"","format":"standard","meta":{"footnotes":""},"categories":[6],"tags":[],"class_list":["post-36468","post","type-post","status-publish","format-standard","has-post-thumbnail","hentry","category-mercosul"],"_links":{"self":[{"href":"https:\/\/acontecenafronteira.com.br\/index.php\/wp-json\/wp\/v2\/posts\/36468","targetHints":{"allow":["GET"]}}],"collection":[{"href":"https:\/\/acontecenafronteira.com.br\/index.php\/wp-json\/wp\/v2\/posts"}],"about":[{"href":"https:\/\/acontecenafronteira.com.br\/index.php\/wp-json\/wp\/v2\/types\/post"}],"replies":[{"embeddable":true,"href":"https:\/\/acontecenafronteira.com.br\/index.php\/wp-json\/wp\/v2\/comments?post=36468"}],"version-history":[{"count":1,"href":"https:\/\/acontecenafronteira.com.br\/index.php\/wp-json\/wp\/v2\/posts\/36468\/revisions"}],"predecessor-version":[{"id":36476,"href":"https:\/\/acontecenafronteira.com.br\/index.php\/wp-json\/wp\/v2\/posts\/36468\/revisions\/36476"}],"wp:featuredmedia":[{"embeddable":true,"href":"https:\/\/acontecenafronteira.com.br\/index.php\/wp-json\/wp\/v2\/media\/36477"}],"wp:attachment":[{"href":"https:\/\/acontecenafronteira.com.br\/index.php\/wp-json\/wp\/v2\/media?parent=36468"}],"wp:term":[{"taxonomy":"category","embeddable":true,"href":"https:\/\/acontecenafronteira.com.br\/index.php\/wp-json\/wp\/v2\/categories?post=36468"},{"taxonomy":"post_tag","embeddable":true,"href":"https:\/\/acontecenafronteira.com.br\/index.php\/wp-json\/wp\/v2\/tags?post=36468"}],"curies":[{"name":"wp","href":"https:\/\/api.w.org\/{rel}","templated":true}]}}