{"id":36467,"date":"2026-09-06T01:36:37","date_gmt":"2026-09-06T04:36:37","guid":{"rendered":"https:\/\/acontecenafronteira.com.br\/?p=36467"},"modified":"2026-09-06T01:36:37","modified_gmt":"2026-09-06T04:36:37","slug":"eleicao-2026-eleitores-de-flavio-estao-mais-tensos","status":"publish","type":"post","link":"https:\/\/acontecenafronteira.com.br\/index.php\/2026\/09\/06\/eleicao-2026-eleitores-de-flavio-estao-mais-tensos\/","title":{"rendered":"Elei\u00e7\u00e3o 2026: Eleitores de Fl\u00e1vio est\u00e3o mais tensos"},"content":{"rendered":"<p>Uma nova pesquisa Datafolha revelou que o grau de apreens\u00e3o em rela\u00e7\u00e3o ao pleito presidencial de 2026 varia drasticamente dependendo do candidato de prefer\u00eancia do eleitorado brasileiro.<\/p>\n<h2>Apreens\u00e3o entre os apoiadores<\/h2>\n<p>Enquanto 63% dos eleitores declarados do senador Fl\u00e1vio Bolsonaro (PL) afirmam estar sentindo mais medo do resultado das urnas agora do que estavam em 2022, o cen\u00e1rio \u00e9 oposto entre os simpatizantes de Luiz In\u00e1cio Lula da Silva (PT).<\/p>\n<p>Entre a base governista, apenas 30% relatam o mesmo n\u00edvel de inquieta\u00e7\u00e3o, marcando a menor taxa de ansiedade registrada no levantamento atual. No panorama geral, considerando todos os participantes independentemente da prefer\u00eancia partid\u00e1ria, 46% dos entrevistados demonstram maior preocupa\u00e7\u00e3o com a sucess\u00e3o presidencial atual em compara\u00e7\u00e3o ao pleito anterior.<\/p>\n<h2>Certeza sobre o voto<\/h2>\n<p>H2: Decis\u00e3o e comparecimento \u00e0s urnas<\/p>\n<p>Apesar do clima de tens\u00e3o relatado por grande parte da popula\u00e7\u00e3o, 57% dos cidad\u00e3os garantem estar mais decididos sobre seus votos para presidente neste ano do que estavam no ciclo eleitoral passado.<\/p>\n<p>H3: Engajamento por candidato<\/p>\n<p>O eleitorado alinhado \u00e0 direita demonstra maior convic\u00e7\u00e3o quanto \u00e0 presen\u00e7a f\u00edsica no dia da vota\u00e7\u00e3o. Entre os apoiadores de Fl\u00e1vio Bolsonaro, 68% asseguram que comparecer\u00e3o para votar, ao passo que a taxa entre os petistas fica em 61%.<\/p>\n<p>Por outro lado, simpatizantes de figuras como Zema (22%) e Ronaldo Caiado (17%) figuram entre os grupos com menor firmeza na decis\u00e3o de comparecer aos locais de vota\u00e7\u00e3o em rela\u00e7\u00e3o a quatro anos atr\u00e1s.<\/p>\n<p>A sondagem do Datafolha escutou 2.002 pessoas distribu\u00eddas por 125 munic\u00edpios brasileiros nos dias 1\u00ba e 2 de setembro. O levantamento possui margem de erro estimada em dois pontos percentuais para mais ou para menos, operando sob um n\u00edvel de confian\u00e7a de 95%.<\/p>\n<p>Por Reda\u00e7\u00e3o Acontece<\/p>\n<p>Imagem: Divulga\u00e7\u00e3o \/ Datafolha<\/p>\n","protected":false},"excerpt":{"rendered":"<p>Uma nova pesquisa Datafolha revelou que o grau de apreens\u00e3o em rela\u00e7\u00e3o ao pleito presidencial de 2026 varia drasticamente dependendo do candidato de prefer\u00eancia do eleitorado brasileiro. Apreens\u00e3o entre os apoiadores Enquanto 63% dos eleitores declarados do senador Fl\u00e1vio Bolsonaro (PL) afirmam estar sentindo mais medo do resultado das urnas agora do que estavam em [&hellip;]<\/p>\n","protected":false},"author":0,"featured_media":36475,"comment_status":"open","ping_status":"open","sticky":false,"template":"","format":"standard","meta":{"footnotes":""},"categories":[6],"tags":[],"class_list":["post-36467","post","type-post","status-publish","format-standard","has-post-thumbnail","hentry","category-mercosul"],"_links":{"self":[{"href":"https:\/\/acontecenafronteira.com.br\/index.php\/wp-json\/wp\/v2\/posts\/36467","targetHints":{"allow":["GET"]}}],"collection":[{"href":"https:\/\/acontecenafronteira.com.br\/index.php\/wp-json\/wp\/v2\/posts"}],"about":[{"href":"https:\/\/acontecenafronteira.com.br\/index.php\/wp-json\/wp\/v2\/types\/post"}],"replies":[{"embeddable":true,"href":"https:\/\/acontecenafronteira.com.br\/index.php\/wp-json\/wp\/v2\/comments?post=36467"}],"version-history":[{"count":1,"href":"https:\/\/acontecenafronteira.com.br\/index.php\/wp-json\/wp\/v2\/posts\/36467\/revisions"}],"predecessor-version":[{"id":36474,"href":"https:\/\/acontecenafronteira.com.br\/index.php\/wp-json\/wp\/v2\/posts\/36467\/revisions\/36474"}],"wp:featuredmedia":[{"embeddable":true,"href":"https:\/\/acontecenafronteira.com.br\/index.php\/wp-json\/wp\/v2\/media\/36475"}],"wp:attachment":[{"href":"https:\/\/acontecenafronteira.com.br\/index.php\/wp-json\/wp\/v2\/media?parent=36467"}],"wp:term":[{"taxonomy":"category","embeddable":true,"href":"https:\/\/acontecenafronteira.com.br\/index.php\/wp-json\/wp\/v2\/categories?post=36467"},{"taxonomy":"post_tag","embeddable":true,"href":"https:\/\/acontecenafronteira.com.br\/index.php\/wp-json\/wp\/v2\/tags?post=36467"}],"curies":[{"name":"wp","href":"https:\/\/api.w.org\/{rel}","templated":true}]}}