{"id":36465,"date":"2026-09-06T01:36:28","date_gmt":"2026-09-06T04:36:28","guid":{"rendered":"https:\/\/acontecenafronteira.com.br\/?p=36465"},"modified":"2026-09-06T01:36:28","modified_gmt":"2026-09-06T04:36:28","slug":"fluminense-vence-vasco-na-libertadores-com-brilho-de-lucho-acosta","status":"publish","type":"post","link":"https:\/\/acontecenafronteira.com.br\/index.php\/2026\/09\/06\/fluminense-vence-vasco-na-libertadores-com-brilho-de-lucho-acosta\/","title":{"rendered":"Fluminense vence Vasco na Libertadores com brilho de Lucho Acosta"},"content":{"rendered":"<p>O t\u00e9cnico Marc\u00e3o destacou a import\u00e2ncia das substitui\u00e7\u00f5es ap\u00f3s a vit\u00f3ria do Fluminense sobre o Vasco da Gama, em partida v\u00e1lida pela Copa Libertadores da Am\u00e9rica.<\/p>\n<h2>A import\u00e2ncia das substitui\u00e7\u00f5es no cl\u00e1ssico<\/h2>\n<p>O comandante tricolor acionou Lucho Acosta aos 13 minutos da etapa final, e o meia argentino balan\u00e7ou as redes apenas tr\u00eas minutos depois, garantindo o triunfo. Na entrevista coletiva coletiva concedida ap\u00f3s o confronto, o treinador ressaltou que o sucesso da equipe passa pelo trabalho di\u00e1rio com todos os atletas.<\/p>\n<p>De acordo com o t\u00e9cnico, os jogadores que entram no decorrer das partidas mant\u00eam o foco necess\u00e1rio para mudar o panorama do jogo. A coletividade e a uni\u00e3o do grupo foram apontadas como diferenciais para a sequ\u00eancia da temporada.<\/p>\n<h2>An\u00e1lise t\u00e1tica e oscila\u00e7\u00f5es na partida<\/h2>\n<p>Durante o cl\u00e1ssico, o dom\u00ednio do confronto alternou entre as equipes, exigindo resili\u00eancia defensiva do time tricolor nos momentos de press\u00e3o do advers\u00e1rio. A estrat\u00e9gia de aproveitar as oportunidades de ataque foi fundamental para conquistar o resultado positivo.<\/p>\n<p>O desfalque de peso do experiente zagueiro Thiago Silva, que sentiu dores no joelho assim como H\u00e9rcules e Jemmes, foi administrado pela comiss\u00e3o t\u00e9cnica para evitar riscos f\u00edsicos.<\/p>\n<h2>Foco na sequ\u00eancia da Libertadores<\/h2>\n<p>A dupla defensiva formada por Mill\u00e1n e Ign\u00e1cio recebeu elogios pela atua\u00e7\u00e3o segura na aus\u00eancia do titular. A preserva\u00e7\u00e3o visa ter o defensor principal totalmente recuperado para os pr\u00f3ximos compromissos decisivos.<\/p>\n<p>O pr\u00f3ximo desafio do Fluminense ser\u00e1 contra o Platense, da Argentina, no Est\u00e1dio do Maracan\u00e3, em duelo v\u00e1lido pelas quartas de final da Libertadores da Am\u00e9rica.<\/p>\n<p>Por Reda\u00e7\u00e3o Acontece<\/p>\n<p>Foto: Divulga\u00e7\u00e3o \/ Fluminense FC<\/p>\n","protected":false},"excerpt":{"rendered":"<p>O t\u00e9cnico Marc\u00e3o destacou a import\u00e2ncia das substitui\u00e7\u00f5es ap\u00f3s a vit\u00f3ria do Fluminense sobre o Vasco da Gama, em partida v\u00e1lida pela Copa Libertadores da Am\u00e9rica. A import\u00e2ncia das substitui\u00e7\u00f5es no cl\u00e1ssico O comandante tricolor acionou Lucho Acosta aos 13 minutos da etapa final, e o meia argentino balan\u00e7ou as redes apenas tr\u00eas minutos depois, [&hellip;]<\/p>\n","protected":false},"author":0,"featured_media":36471,"comment_status":"open","ping_status":"open","sticky":false,"template":"","format":"standard","meta":{"footnotes":""},"categories":[6],"tags":[],"class_list":["post-36465","post","type-post","status-publish","format-standard","has-post-thumbnail","hentry","category-mercosul"],"_links":{"self":[{"href":"https:\/\/acontecenafronteira.com.br\/index.php\/wp-json\/wp\/v2\/posts\/36465","targetHints":{"allow":["GET"]}}],"collection":[{"href":"https:\/\/acontecenafronteira.com.br\/index.php\/wp-json\/wp\/v2\/posts"}],"about":[{"href":"https:\/\/acontecenafronteira.com.br\/index.php\/wp-json\/wp\/v2\/types\/post"}],"replies":[{"embeddable":true,"href":"https:\/\/acontecenafronteira.com.br\/index.php\/wp-json\/wp\/v2\/comments?post=36465"}],"version-history":[{"count":1,"href":"https:\/\/acontecenafronteira.com.br\/index.php\/wp-json\/wp\/v2\/posts\/36465\/revisions"}],"predecessor-version":[{"id":36470,"href":"https:\/\/acontecenafronteira.com.br\/index.php\/wp-json\/wp\/v2\/posts\/36465\/revisions\/36470"}],"wp:featuredmedia":[{"embeddable":true,"href":"https:\/\/acontecenafronteira.com.br\/index.php\/wp-json\/wp\/v2\/media\/36471"}],"wp:attachment":[{"href":"https:\/\/acontecenafronteira.com.br\/index.php\/wp-json\/wp\/v2\/media?parent=36465"}],"wp:term":[{"taxonomy":"category","embeddable":true,"href":"https:\/\/acontecenafronteira.com.br\/index.php\/wp-json\/wp\/v2\/categories?post=36465"},{"taxonomy":"post_tag","embeddable":true,"href":"https:\/\/acontecenafronteira.com.br\/index.php\/wp-json\/wp\/v2\/tags?post=36465"}],"curies":[{"name":"wp","href":"https:\/\/api.w.org\/{rel}","templated":true}]}}