{"id":36453,"date":"2026-09-06T01:36:17","date_gmt":"2026-09-06T04:36:17","guid":{"rendered":"https:\/\/acontecenafronteira.com.br\/?p=36453"},"modified":"2026-09-06T01:36:17","modified_gmt":"2026-09-06T04:36:17","slug":"quem-ama-cuida-adriana-se-revolta-com-segredo-de-lyris","status":"publish","type":"post","link":"https:\/\/acontecenafronteira.com.br\/index.php\/2026\/09\/06\/quem-ama-cuida-adriana-se-revolta-com-segredo-de-lyris\/","title":{"rendered":"Quem ama cuida: Adriana se revolta com segredo de Lyris"},"content":{"rendered":"<p>A tens\u00e3o vai tomar conta dos pr\u00f3ximos cap\u00edtulos da novela &#8220;Quem ama cuida&#8221;. A personagem Adriana, interpretada pela atriz Leticia Colin, protagonizar\u00e1 cenas de muita revolta ap\u00f3s descobrir um segredo guardado por uma de suas principais aliadas na trama.<\/p>\n<h2>A revela\u00e7\u00e3o que mudar\u00e1 os rumos da novela<\/h2>\n<p>O conflito come\u00e7a quando Lyris decide abrir o jogo com a colega. A confiss\u00e3o inesperada atinge Adriana em cheio, gerando um clima de total instabilidade entre as duas personagens, que at\u00e9 ent\u00e3o mantinham uma rela\u00e7\u00e3o de forte parceria na hist\u00f3ria.<\/p>\n<h3>Consequ\u00eancias da briga na trama<\/h3>\n<p>A rea\u00e7\u00e3o explosiva de Adriana promete movimentar o enredo da novela nos pr\u00f3ximos dias. O p\u00fablico pode esperar reviravoltas dram\u00e1ticas intensas decorrentes desse atrito, que amea\u00e7a colocar em risco alian\u00e7as importantes dentro do universo da novela.<\/p>\n<p>A expectativa em torno da exibi\u00e7\u00e3o dessas cenas \u00e9 alta entre os telespectadores, curiosos para saber se a rela\u00e7\u00e3o entre as duas personagens conseguir\u00e1 sobreviver ap\u00f3s o embate explosivo.<\/p>\n<p>As grava\u00e7\u00f5es desta sequ\u00eancia exigiram grande entrega dram\u00e1tica do elenco, consolidando ainda mais o drama que prende a aten\u00e7\u00e3o do p\u00fablico diariamente.<\/p>\n<p>Com o avan\u00e7o da narrativa, novos detalhes sobre os motivos que levar\u00e3o Lyris a fazer tal confiss\u00e3o devem vir \u00e0 tona, prometendo prender ainda mais a audi\u00eancia nos pr\u00f3ximos cap\u00edtulos.<\/p>\n<p>Por Reda\u00e7\u00e3o Acontece<\/p>\n<p>Cr\u00e9ditos da imagem: Divulga\u00e7\u00e3o\/TV<\/p>\n","protected":false},"excerpt":{"rendered":"<p>A tens\u00e3o vai tomar conta dos pr\u00f3ximos cap\u00edtulos da novela &#8220;Quem ama cuida&#8221;. A personagem Adriana, interpretada pela atriz Leticia Colin, protagonizar\u00e1 cenas de muita revolta ap\u00f3s descobrir um segredo guardado por uma de suas principais aliadas na trama. A revela\u00e7\u00e3o que mudar\u00e1 os rumos da novela O conflito come\u00e7a quando Lyris decide abrir o [&hellip;]<\/p>\n","protected":false},"author":0,"featured_media":36462,"comment_status":"open","ping_status":"open","sticky":false,"template":"","format":"standard","meta":{"footnotes":""},"categories":[28],"tags":[],"class_list":["post-36453","post","type-post","status-publish","format-standard","has-post-thumbnail","hentry","category-mundo"],"_links":{"self":[{"href":"https:\/\/acontecenafronteira.com.br\/index.php\/wp-json\/wp\/v2\/posts\/36453","targetHints":{"allow":["GET"]}}],"collection":[{"href":"https:\/\/acontecenafronteira.com.br\/index.php\/wp-json\/wp\/v2\/posts"}],"about":[{"href":"https:\/\/acontecenafronteira.com.br\/index.php\/wp-json\/wp\/v2\/types\/post"}],"replies":[{"embeddable":true,"href":"https:\/\/acontecenafronteira.com.br\/index.php\/wp-json\/wp\/v2\/comments?post=36453"}],"version-history":[{"count":1,"href":"https:\/\/acontecenafronteira.com.br\/index.php\/wp-json\/wp\/v2\/posts\/36453\/revisions"}],"predecessor-version":[{"id":36461,"href":"https:\/\/acontecenafronteira.com.br\/index.php\/wp-json\/wp\/v2\/posts\/36453\/revisions\/36461"}],"wp:featuredmedia":[{"embeddable":true,"href":"https:\/\/acontecenafronteira.com.br\/index.php\/wp-json\/wp\/v2\/media\/36462"}],"wp:attachment":[{"href":"https:\/\/acontecenafronteira.com.br\/index.php\/wp-json\/wp\/v2\/media?parent=36453"}],"wp:term":[{"taxonomy":"category","embeddable":true,"href":"https:\/\/acontecenafronteira.com.br\/index.php\/wp-json\/wp\/v2\/categories?post=36453"},{"taxonomy":"post_tag","embeddable":true,"href":"https:\/\/acontecenafronteira.com.br\/index.php\/wp-json\/wp\/v2\/tags?post=36453"}],"curies":[{"name":"wp","href":"https:\/\/api.w.org\/{rel}","templated":true}]}}