{"id":36451,"date":"2026-09-06T01:36:05","date_gmt":"2026-09-06T04:36:05","guid":{"rendered":"https:\/\/acontecenafronteira.com.br\/?p=36451"},"modified":"2026-09-06T01:36:05","modified_gmt":"2026-09-06T04:36:05","slug":"foz-do-iguacu-e-o-parana-nas-lembrancas-do-rock-in-rio","status":"publish","type":"post","link":"https:\/\/acontecenafronteira.com.br\/index.php\/2026\/09\/06\/foz-do-iguacu-e-o-parana-nas-lembrancas-do-rock-in-rio\/","title":{"rendered":"Foz do Igua\u00e7u e o Paran\u00e1 nas lembran\u00e7as do Rock in Rio"},"content":{"rendered":"<p>A rela\u00e7\u00e3o entre temporais intensos e o Rock in Rio acompanha a trajet\u00f3ria do evento desde a sua primeira edi\u00e7\u00e3o, em 1985, quando o mau tempo moldou a identidade do festival.<\/p>\n<h2>A lama hist\u00f3rica de 1985<\/h2>\n<p>Uma tempestade severa atingiu a Cidade do Rock, localizada em Jacarepagu\u00e1, convertendo o local em um imenso lama\u00e7al e gerando cenas ic\u00f4nicas que marcaram o d\u00e9but do evento.<\/p>\n<p>Realizado entre 11 e 20 de janeiro dequele ano, o festival atraiu cerca de 1,38 milh\u00e3o de espectadores ao longo de dez dias, enfrentando precipita\u00e7\u00f5es recorrentes que complicaram a mobilidade.<\/p>\n<p>Apesar das adversidades no terreno, os espet\u00e1culos continuaram, destacando-se a performance do Queen com Freddie Mercury diante de uma multid\u00e3o resiliente.<\/p>\n<h2>Transtornos em 2015 e 2019<\/h2>\n<p>Tr\u00eas d\u00e9cadas depois, em 27 de setembro de 2015, um novo temporal castigou o encerramento do evento, formando grandes po\u00e7as na Rock Street e antecipando a sa\u00edda de parte dos presentes.<\/p>\n<p>Mesmo com as intemp\u00e9ries, o show de Katy Perry manteve-se firme perante uma plateia numerosa que decidiu resistir at\u00e9 o final.<\/p>\n<p>J\u00e1 em 2019, coube ao cantor canadense Drake encarar uma chuva forte que desabou na abertura daquela edi\u00e7\u00e3o, tornando-se o foco principal dos coment\u00e1rios da noite.<\/p>\n<h2>O temporal de 2022<\/h2>\n<p>No ano de 2022, as condi\u00e7\u00f5es clim\u00e1ticas adversas voltaram a dar as caras durante o show de Post Malone, intensificando-se ao longo das horas e testando a paci\u00eancia dos f\u00e3s no gramado.<\/p>\n<p>Esses epis\u00f3dios clim\u00e1ticos provam que, independentemente da edi\u00e7\u00e3o, o fator meteorol\u00f3gico sempre desempenha um papel de destaque na mem\u00f3ria coletiva do festival.<\/p>\n<p>Por Reda\u00e7\u00e3o Acontece Divulga\u00e7\u00e3o \/ Rock in Rio<\/p>\n","protected":false},"excerpt":{"rendered":"<p>A rela\u00e7\u00e3o entre temporais intensos e o Rock in Rio acompanha a trajet\u00f3ria do evento desde a sua primeira edi\u00e7\u00e3o, em 1985, quando o mau tempo moldou a identidade do festival. A lama hist\u00f3rica de 1985 Uma tempestade severa atingiu a Cidade do Rock, localizada em Jacarepagu\u00e1, convertendo o local em um imenso lama\u00e7al e [&hellip;]<\/p>\n","protected":false},"author":0,"featured_media":36458,"comment_status":"open","ping_status":"open","sticky":false,"template":"","format":"standard","meta":{"footnotes":""},"categories":[28],"tags":[],"class_list":["post-36451","post","type-post","status-publish","format-standard","has-post-thumbnail","hentry","category-mundo"],"_links":{"self":[{"href":"https:\/\/acontecenafronteira.com.br\/index.php\/wp-json\/wp\/v2\/posts\/36451","targetHints":{"allow":["GET"]}}],"collection":[{"href":"https:\/\/acontecenafronteira.com.br\/index.php\/wp-json\/wp\/v2\/posts"}],"about":[{"href":"https:\/\/acontecenafronteira.com.br\/index.php\/wp-json\/wp\/v2\/types\/post"}],"replies":[{"embeddable":true,"href":"https:\/\/acontecenafronteira.com.br\/index.php\/wp-json\/wp\/v2\/comments?post=36451"}],"version-history":[{"count":1,"href":"https:\/\/acontecenafronteira.com.br\/index.php\/wp-json\/wp\/v2\/posts\/36451\/revisions"}],"predecessor-version":[{"id":36457,"href":"https:\/\/acontecenafronteira.com.br\/index.php\/wp-json\/wp\/v2\/posts\/36451\/revisions\/36457"}],"wp:featuredmedia":[{"embeddable":true,"href":"https:\/\/acontecenafronteira.com.br\/index.php\/wp-json\/wp\/v2\/media\/36458"}],"wp:attachment":[{"href":"https:\/\/acontecenafronteira.com.br\/index.php\/wp-json\/wp\/v2\/media?parent=36451"}],"wp:term":[{"taxonomy":"category","embeddable":true,"href":"https:\/\/acontecenafronteira.com.br\/index.php\/wp-json\/wp\/v2\/categories?post=36451"},{"taxonomy":"post_tag","embeddable":true,"href":"https:\/\/acontecenafronteira.com.br\/index.php\/wp-json\/wp\/v2\/tags?post=36451"}],"curies":[{"name":"wp","href":"https:\/\/api.w.org\/{rel}","templated":true}]}}