{"id":36450,"date":"2026-09-06T01:35:59","date_gmt":"2026-09-06T04:35:59","guid":{"rendered":"https:\/\/acontecenafronteira.com.br\/?p=36450"},"modified":"2026-09-06T01:35:59","modified_gmt":"2026-09-06T04:35:59","slug":"foz-do-iguacu-reforca-seguranca-em-pracas-publicas-e-parques","status":"publish","type":"post","link":"https:\/\/acontecenafronteira.com.br\/index.php\/2026\/09\/06\/foz-do-iguacu-reforca-seguranca-em-pracas-publicas-e-parques\/","title":{"rendered":"Foz do Igua\u00e7u refor\u00e7a seguran\u00e7a em pra\u00e7as p\u00fablicas e parques"},"content":{"rendered":"<p>A Prefeitura de Foz do Igua\u00e7u iniciou uma nova fase do plano de seguran\u00e7a municipal, com foco especial na prote\u00e7\u00e3o de pra\u00e7as p\u00fablicas e parques urbanos da cidade localizada no oeste do Paran\u00e1.<\/p>\n<h2>Amplia\u00e7\u00e3o do patrulhamento urbano<\/h2>\n<p>As medidas incluem o aumento do efetivo da Guarda Municipal e a instala\u00e7\u00e3o de novas c\u00e2meras de <strong>monitoramento em tempo real<\/strong>, integradas \u00e0 central de opera\u00e7\u00f5es do munic\u00edpio.<\/p>\n<p>A iniciativa visa coibir atos de vandalismo e garantir a tranquilidade de fam\u00edlias e turistas que visitam os principais cart\u00f5es-postais da regi\u00e3o fronteiri\u00e7a.<\/p>\n<h2>Impacto no turismo e com\u00e9rcio local<\/h2>\n<p>Com a intensifica\u00e7\u00e3o das rondas ostensivas, a expectativa das associa\u00e7\u00f5es comerciais \u00e9 de que a circula\u00e7\u00e3o de pedestres nos espa\u00e7os p\u00fablicos aumente significativamente durante os fins de semana.<\/p>\n<p>As autoridades locais refor\u00e7aram que os <strong>canais de emerg\u00eancia<\/strong> continuam funcionando 24 horas por dia para atendimento r\u00e1pido \u00e0 popula\u00e7\u00e3o.<\/p>\n<p>A prefeitura planeja expandir o sistema de vigil\u00e2ncia inteligente para outros bairros nos pr\u00f3ximos meses, consolidando Foz do Igua\u00e7u como uma das cidades mais seguras do estado.<\/p>\n<p>Por Reda\u00e7\u00e3o Acontece<\/p>\n<p>Foto: Divulga\u00e7\u00e3o\/Prefeitura de Foz do Igua\u00e7u<\/p>\n","protected":false},"excerpt":{"rendered":"<p>A Prefeitura de Foz do Igua\u00e7u iniciou uma nova fase do plano de seguran\u00e7a municipal, com foco especial na prote\u00e7\u00e3o de pra\u00e7as p\u00fablicas e parques urbanos da cidade localizada no oeste do Paran\u00e1. Amplia\u00e7\u00e3o do patrulhamento urbano As medidas incluem o aumento do efetivo da Guarda Municipal e a instala\u00e7\u00e3o de novas c\u00e2meras de monitoramento [&hellip;]<\/p>\n","protected":false},"author":0,"featured_media":36456,"comment_status":"open","ping_status":"open","sticky":false,"template":"","format":"standard","meta":{"footnotes":""},"categories":[28],"tags":[],"class_list":["post-36450","post","type-post","status-publish","format-standard","has-post-thumbnail","hentry","category-mundo"],"_links":{"self":[{"href":"https:\/\/acontecenafronteira.com.br\/index.php\/wp-json\/wp\/v2\/posts\/36450","targetHints":{"allow":["GET"]}}],"collection":[{"href":"https:\/\/acontecenafronteira.com.br\/index.php\/wp-json\/wp\/v2\/posts"}],"about":[{"href":"https:\/\/acontecenafronteira.com.br\/index.php\/wp-json\/wp\/v2\/types\/post"}],"replies":[{"embeddable":true,"href":"https:\/\/acontecenafronteira.com.br\/index.php\/wp-json\/wp\/v2\/comments?post=36450"}],"version-history":[{"count":1,"href":"https:\/\/acontecenafronteira.com.br\/index.php\/wp-json\/wp\/v2\/posts\/36450\/revisions"}],"predecessor-version":[{"id":36455,"href":"https:\/\/acontecenafronteira.com.br\/index.php\/wp-json\/wp\/v2\/posts\/36450\/revisions\/36455"}],"wp:featuredmedia":[{"embeddable":true,"href":"https:\/\/acontecenafronteira.com.br\/index.php\/wp-json\/wp\/v2\/media\/36456"}],"wp:attachment":[{"href":"https:\/\/acontecenafronteira.com.br\/index.php\/wp-json\/wp\/v2\/media?parent=36450"}],"wp:term":[{"taxonomy":"category","embeddable":true,"href":"https:\/\/acontecenafronteira.com.br\/index.php\/wp-json\/wp\/v2\/categories?post=36450"},{"taxonomy":"post_tag","embeddable":true,"href":"https:\/\/acontecenafronteira.com.br\/index.php\/wp-json\/wp\/v2\/tags?post=36450"}],"curies":[{"name":"wp","href":"https:\/\/api.w.org\/{rel}","templated":true}]}}