{"id":36439,"date":"2026-09-06T00:36:55","date_gmt":"2026-09-06T03:36:55","guid":{"rendered":"https:\/\/acontecenafronteira.com.br\/?p=36439"},"modified":"2026-09-06T00:36:55","modified_gmt":"2026-09-06T03:36:55","slug":"parana-e-os-impactos-de-acordos-migratorios-internacionais","status":"publish","type":"post","link":"https:\/\/acontecenafronteira.com.br\/index.php\/2026\/09\/06\/parana-e-os-impactos-de-acordos-migratorios-internacionais\/","title":{"rendered":"Paran\u00e1 e os impactos de acordos migrat\u00f3rios internacionais"},"content":{"rendered":"<p>A administra\u00e7\u00e3o da Guiana firmou recentemente uma parceria in\u00e9dita com o governo dos Estados Unidos para acolher, de forma provis\u00f3ria, estrangeiros deportados ou que escolheram migrar voluntariamente.<\/p>\n<h2>Detalhes do programa de acolhimento<\/h2>\n<p>O pacto prev\u00ea que os cidad\u00e3os estrangeiros permane\u00e7am no territ\u00f3rio guianense enquanto a situa\u00e7\u00e3o migrat\u00f3ria oficial \u00e9 definida pelas autoridades norte-americanas. Um primeiro grupo j\u00e1 foi transferido para a regi\u00e3o.<\/p>\n<p>Conforme as diretrizes estabelecidas, os participantes passam por uma triagem rigorosa conduzida pela Organiza\u00e7\u00e3o Internacional para las Migra\u00e7\u00f5es, ag\u00eancia vinculada \u00e0 Organiza\u00e7\u00e3o das Na\u00e7\u00f5es Unidas.<\/p>\n<h2>Responsabilidade financeira dos Estados Unidos<\/h2>\n<p>Cabe ressaltar que todas as despesas relacionadas \u00e0 hospedagem, alimenta\u00e7\u00e3o, suporte log\u00edstico e integra\u00e7\u00e3o social s\u00e3o integralmente custeadas pelo governo dos Estados Unidos.<\/p>\n<p>Al\u00e9m disso, o pacto garante aos estrangeiros o direito \u00e0 comunica\u00e7\u00e3o com familiares e assist\u00eancia jur\u00eddica adequada durante todo o per\u00edodo de perman\u00eancia provis\u00f3ria no pa\u00eds sul-americano.<\/p>\n<p>O acordo refor\u00e7a os la\u00e7os diplom\u00e1ticos e econ\u00f4micos entre as duas na\u00e7\u00f5es, consolidando a parceria estrat\u00e9gica firmada nos \u00faltimos anos em diversos setores governamentais.<\/p>\n<p>Por Reda\u00e7\u00e3o Acontece<\/p>\n<p>Foto: Divula\u00e7\u00e3o \/ Arquivo<\/p>\n","protected":false},"excerpt":{"rendered":"<p>A administra\u00e7\u00e3o da Guiana firmou recentemente uma parceria in\u00e9dita com o governo dos Estados Unidos para acolher, de forma provis\u00f3ria, estrangeiros deportados ou que escolheram migrar voluntariamente. Detalhes do programa de acolhimento O pacto prev\u00ea que os cidad\u00e3os estrangeiros permane\u00e7am no territ\u00f3rio guianense enquanto a situa\u00e7\u00e3o migrat\u00f3ria oficial \u00e9 definida pelas autoridades norte-americanas. Um primeiro [&hellip;]<\/p>\n","protected":false},"author":0,"featured_media":36449,"comment_status":"open","ping_status":"open","sticky":false,"template":"","format":"standard","meta":{"footnotes":""},"categories":[6],"tags":[],"class_list":["post-36439","post","type-post","status-publish","format-standard","has-post-thumbnail","hentry","category-mercosul"],"_links":{"self":[{"href":"https:\/\/acontecenafronteira.com.br\/index.php\/wp-json\/wp\/v2\/posts\/36439","targetHints":{"allow":["GET"]}}],"collection":[{"href":"https:\/\/acontecenafronteira.com.br\/index.php\/wp-json\/wp\/v2\/posts"}],"about":[{"href":"https:\/\/acontecenafronteira.com.br\/index.php\/wp-json\/wp\/v2\/types\/post"}],"replies":[{"embeddable":true,"href":"https:\/\/acontecenafronteira.com.br\/index.php\/wp-json\/wp\/v2\/comments?post=36439"}],"version-history":[{"count":1,"href":"https:\/\/acontecenafronteira.com.br\/index.php\/wp-json\/wp\/v2\/posts\/36439\/revisions"}],"predecessor-version":[{"id":36448,"href":"https:\/\/acontecenafronteira.com.br\/index.php\/wp-json\/wp\/v2\/posts\/36439\/revisions\/36448"}],"wp:featuredmedia":[{"embeddable":true,"href":"https:\/\/acontecenafronteira.com.br\/index.php\/wp-json\/wp\/v2\/media\/36449"}],"wp:attachment":[{"href":"https:\/\/acontecenafronteira.com.br\/index.php\/wp-json\/wp\/v2\/media?parent=36439"}],"wp:term":[{"taxonomy":"category","embeddable":true,"href":"https:\/\/acontecenafronteira.com.br\/index.php\/wp-json\/wp\/v2\/categories?post=36439"},{"taxonomy":"post_tag","embeddable":true,"href":"https:\/\/acontecenafronteira.com.br\/index.php\/wp-json\/wp\/v2\/tags?post=36439"}],"curies":[{"name":"wp","href":"https:\/\/api.w.org\/{rel}","templated":true}]}}