{"id":36438,"date":"2026-09-06T00:36:39","date_gmt":"2026-09-06T03:36:39","guid":{"rendered":"https:\/\/acontecenafronteira.com.br\/?p=36438"},"modified":"2026-09-06T00:36:39","modified_gmt":"2026-09-06T03:36:39","slug":"dorival-jr-foca-no-boca-juniors-apos-vitoria-no-brasileirao","status":"publish","type":"post","link":"https:\/\/acontecenafronteira.com.br\/index.php\/2026\/09\/06\/dorival-jr-foca-no-boca-juniors-apos-vitoria-no-brasileirao\/","title":{"rendered":"Dorival Jr foca no Boca Juniors ap\u00f3s vit\u00f3ria no Brasileir\u00e3o"},"content":{"rendered":"<p>Com o pensamento totalmente voltado para a Copa Sul-Americana, o S\u00e3o Paulo virou a chave ap\u00f3s superar o Atl\u00e9tico-MG por 2 a 0 no Campeonato Brasileiro e j\u00e1 mira o tradicional confronto internacional contra o Boca Juniors.<\/p>\n<h2>Prepara\u00e7\u00e3o para o cl\u00e1ssico continental<\/h2>\n<p>O primeiro duelo das quartas de final est\u00e1 marcado para esta ter\u00e7a-feira (8\/9), \u00e0s 21h30, em solo argentino, exigindo planejamento estrat\u00e9gico da comiss\u00e3o t\u00e9cnica tricolor.<\/p>\n<p>Em coletiva de imprensa realizada ap\u00f3s o triunfo nacional, o t\u00e9cnico Dorival Jr destacou que ajustes t\u00e1ticos poder\u00e3o ser feitos para encarar o rival estrangeiro, enfatizando a grandeza e a import\u00e2ncia do confronto no cen\u00e1rio da Am\u00e9rica do Sul.<\/p>\n<h2>Respeito ao advers\u00e1rio e exig\u00eancia m\u00e1xima<\/h2>\n<p>O comandante s\u00e3o-paulino ressaltou que a equipe precisar\u00e1 atuar no limite de suas capacidades para buscar a classifica\u00e7\u00e3o fora de casa, elogiando a qualidade t\u00e9cnica e a organiza\u00e7\u00e3o do clube argentino.<\/p>\n<p>A vit\u00f3ria sobre o Galo no \u00faltimo s\u00e1bado (5\/9), com gols de Luciano e Iago, n\u00e3o apenas colocou o time na 10\u00aa posi\u00e7\u00e3o da tabela do Brasileir\u00e3o, mas tamb\u00e9m encerrou uma invencibilidade de 14 partidas do advers\u00e1rio mineiro, al\u00e9m de garantir a primeira partida sem sofrer gols no segundo semestre.<\/p>\n<p>Por fim, o treinador celebrou a atua\u00e7\u00e3o consistente de seus atletas, destacando o controle da partida e a baixa exig\u00eancia sobre o goleiro Rafael, fatores determinantes para o sucesso no campeonato nacional antes da viagem internacional.<\/p>\n<p>Por Reda\u00e7\u00e3o Acontece<\/p>\n<p>Foto: Divulga\u00e7\u00e3o\/S\u00e3o Paulo FC<\/p>\n","protected":false},"excerpt":{"rendered":"<p>Com o pensamento totalmente voltado para a Copa Sul-Americana, o S\u00e3o Paulo virou a chave ap\u00f3s superar o Atl\u00e9tico-MG por 2 a 0 no Campeonato Brasileiro e j\u00e1 mira o tradicional confronto internacional contra o Boca Juniors. Prepara\u00e7\u00e3o para o cl\u00e1ssico continental O primeiro duelo das quartas de final est\u00e1 marcado para esta ter\u00e7a-feira (8\/9), [&hellip;]<\/p>\n","protected":false},"author":0,"featured_media":36447,"comment_status":"open","ping_status":"open","sticky":false,"template":"","format":"standard","meta":{"footnotes":""},"categories":[6],"tags":[],"class_list":["post-36438","post","type-post","status-publish","format-standard","has-post-thumbnail","hentry","category-mercosul"],"_links":{"self":[{"href":"https:\/\/acontecenafronteira.com.br\/index.php\/wp-json\/wp\/v2\/posts\/36438","targetHints":{"allow":["GET"]}}],"collection":[{"href":"https:\/\/acontecenafronteira.com.br\/index.php\/wp-json\/wp\/v2\/posts"}],"about":[{"href":"https:\/\/acontecenafronteira.com.br\/index.php\/wp-json\/wp\/v2\/types\/post"}],"replies":[{"embeddable":true,"href":"https:\/\/acontecenafronteira.com.br\/index.php\/wp-json\/wp\/v2\/comments?post=36438"}],"version-history":[{"count":1,"href":"https:\/\/acontecenafronteira.com.br\/index.php\/wp-json\/wp\/v2\/posts\/36438\/revisions"}],"predecessor-version":[{"id":36446,"href":"https:\/\/acontecenafronteira.com.br\/index.php\/wp-json\/wp\/v2\/posts\/36438\/revisions\/36446"}],"wp:featuredmedia":[{"embeddable":true,"href":"https:\/\/acontecenafronteira.com.br\/index.php\/wp-json\/wp\/v2\/media\/36447"}],"wp:attachment":[{"href":"https:\/\/acontecenafronteira.com.br\/index.php\/wp-json\/wp\/v2\/media?parent=36438"}],"wp:term":[{"taxonomy":"category","embeddable":true,"href":"https:\/\/acontecenafronteira.com.br\/index.php\/wp-json\/wp\/v2\/categories?post=36438"},{"taxonomy":"post_tag","embeddable":true,"href":"https:\/\/acontecenafronteira.com.br\/index.php\/wp-json\/wp\/v2\/tags?post=36438"}],"curies":[{"name":"wp","href":"https:\/\/api.w.org\/{rel}","templated":true}]}}