{"id":36436,"date":"2026-09-06T00:36:31","date_gmt":"2026-09-06T03:36:31","guid":{"rendered":"https:\/\/acontecenafronteira.com.br\/?p=36436"},"modified":"2026-09-06T00:36:31","modified_gmt":"2026-09-06T03:36:31","slug":"michelle-bolsonaro-apoia-mendonca-em-meio-a-crise-no-stf","status":"publish","type":"post","link":"https:\/\/acontecenafronteira.com.br\/index.php\/2026\/09\/06\/michelle-bolsonaro-apoia-mendonca-em-meio-a-crise-no-stf\/","title":{"rendered":"Michelle Bolsonaro apoia Mendon\u00e7a em meio \u00e0 crise no STF"},"content":{"rendered":"<p>A ex-primeira-dama <b>Michelle Bolsonaro<\/b> utilizou suas redes sociais para demonstrar solidariedade ao ministro do Supremo Tribunal Federal (STF) <b>Andr\u00e9 Mendon\u00e7a<\/b>, em plena ebuli\u00e7\u00e3o pol\u00edtica e institucional no tribunal m\u00e1ximo do pa\u00eds.<\/p>\n<h2>Bastidores da indica\u00e7\u00e3o ao Supremo<\/h2>\n<p>No centro da mensagem divulgada neste s\u00e1bado, a candidata ao Senado relembrou os bastidores da escolha do magistrado, que foi indicado ao cargo pelo ex-presidente <b>Jair Bolsonaro<\/b>. Ela destacou a trajet\u00f3ria religiosa e pessoal do ministro, a quem chamou carinhosamente de &#8220;irm\u00e3o em Cristo&#8221;.<\/p>\n<p>O texto compartilhado na internet resgatou o per\u00edodo de ang\u00fastia e expectativa que antecedeu a sabatina de Mendon\u00e7a no Senado Federal, mencionando momentos de ora\u00e7\u00e3o e resist\u00eancia contra adversidades pol\u00edticas que tentaram barrar sua chegada \u00e0 Corte.<\/p>\n<h2>Conflito institucional na Corte<\/h2>\n<p>Esta demonstra\u00e7\u00e3o p\u00fablica de apoio ocorre justamente quando o tribunal enfrenta um cen\u00e1rio de desgaste, marcado por diverg\u00eancias p\u00fablicas e troca de acusa\u00e7\u00f5es entre os ministros Andr\u00e9 Mendon\u00e7a e <b>Alexandre de Moraes<\/b>.<\/p>\n<p>A crise ganhou novos contornos ap\u00f3s a divulga\u00e7\u00e3o de um relat\u00f3rio da Pol\u00edcia Federal envolvendo conversas e encontros com o propriet\u00e1rio de uma institui\u00e7\u00e3o financeira, cujo sigilo foi alvo de decis\u00f5es divergentes dentro do colegiado, gerando forte repercuss\u00e3o no meio jur\u00eddico e pol\u00edtico nacional.<\/p>\n<p>Por Reda\u00e7\u00e3o Acontece<\/p>\n<p>Reprodu\u00e7\u00e3o\/Redes Sociais<\/p>\n","protected":false},"excerpt":{"rendered":"<p>A ex-primeira-dama Michelle Bolsonaro utilizou suas redes sociais para demonstrar solidariedade ao ministro do Supremo Tribunal Federal (STF) Andr\u00e9 Mendon\u00e7a, em plena ebuli\u00e7\u00e3o pol\u00edtica e institucional no tribunal m\u00e1ximo do pa\u00eds. Bastidores da indica\u00e7\u00e3o ao Supremo No centro da mensagem divulgada neste s\u00e1bado, a candidata ao Senado relembrou os bastidores da escolha do magistrado, que [&hellip;]<\/p>\n","protected":false},"author":0,"featured_media":36443,"comment_status":"open","ping_status":"open","sticky":false,"template":"","format":"standard","meta":{"footnotes":""},"categories":[6],"tags":[],"class_list":["post-36436","post","type-post","status-publish","format-standard","has-post-thumbnail","hentry","category-mercosul"],"_links":{"self":[{"href":"https:\/\/acontecenafronteira.com.br\/index.php\/wp-json\/wp\/v2\/posts\/36436","targetHints":{"allow":["GET"]}}],"collection":[{"href":"https:\/\/acontecenafronteira.com.br\/index.php\/wp-json\/wp\/v2\/posts"}],"about":[{"href":"https:\/\/acontecenafronteira.com.br\/index.php\/wp-json\/wp\/v2\/types\/post"}],"replies":[{"embeddable":true,"href":"https:\/\/acontecenafronteira.com.br\/index.php\/wp-json\/wp\/v2\/comments?post=36436"}],"version-history":[{"count":1,"href":"https:\/\/acontecenafronteira.com.br\/index.php\/wp-json\/wp\/v2\/posts\/36436\/revisions"}],"predecessor-version":[{"id":36442,"href":"https:\/\/acontecenafronteira.com.br\/index.php\/wp-json\/wp\/v2\/posts\/36436\/revisions\/36442"}],"wp:featuredmedia":[{"embeddable":true,"href":"https:\/\/acontecenafronteira.com.br\/index.php\/wp-json\/wp\/v2\/media\/36443"}],"wp:attachment":[{"href":"https:\/\/acontecenafronteira.com.br\/index.php\/wp-json\/wp\/v2\/media?parent=36436"}],"wp:term":[{"taxonomy":"category","embeddable":true,"href":"https:\/\/acontecenafronteira.com.br\/index.php\/wp-json\/wp\/v2\/categories?post=36436"},{"taxonomy":"post_tag","embeddable":true,"href":"https:\/\/acontecenafronteira.com.br\/index.php\/wp-json\/wp\/v2\/tags?post=36436"}],"curies":[{"name":"wp","href":"https:\/\/api.w.org\/{rel}","templated":true}]}}