{"id":36435,"date":"2026-09-06T00:36:26","date_gmt":"2026-09-06T03:36:26","guid":{"rendered":"https:\/\/acontecenafronteira.com.br\/?p=36435"},"modified":"2026-09-06T00:36:26","modified_gmt":"2026-09-06T03:36:26","slug":"vasco-na-sul-americana-derrota-no-classico-e-foco-no-santa-fe","status":"publish","type":"post","link":"https:\/\/acontecenafronteira.com.br\/index.php\/2026\/09\/06\/vasco-na-sul-americana-derrota-no-classico-e-foco-no-santa-fe\/","title":{"rendered":"Vasco na Sul-Americana: derrota no cl\u00e1ssico e foco no Santa Fe"},"content":{"rendered":"<p>O t\u00e9cnico Pedro Emanuel classificou como uma &#8220;noite dura&#8221; o rev\u00e9s sofrido pelo Vasco da Gama diante do Fluminense pelo Campeonato Brasileiro, destacando o clima de total frustra\u00e7\u00e3o no vesti\u00e1rio cruz-maltino ap\u00f3s o cl\u00e1ssico decidido com gol solit\u00e1rio de Lucho Acosta.<\/p>\n<h2>Repercuss\u00e3o do cl\u00e1ssico no Brasileir\u00e3o<\/h2>\n<p>O comandante portugu\u00eas ressaltou que a equipe demonstrou superioridade em diversos momentos da partida carioca, acumulando maior volume ofensivo e finaliza\u00e7\u00f5es, embora o esfor\u00e7o n\u00e3o tenha se traduzido em pontos na tabela do Brasileir\u00e3o.<\/p>\n<p>Com o rev\u00e9s no cl\u00e1ssico nacional, o time da Colina estacionou na 17\u00aa coloca\u00e7\u00e3o, somando atualmente 25 pontos na classifica\u00e7\u00e3o do torneio.<\/p>\n<h2>Foco total na Copa Sul-Americana<\/h2>\n<p>Deixando o campeonato nacional temporariamente em segundo plano, o elenco vasca\u00edno direciona todas as suas aten\u00e7\u00f5es para os compromissos internacionais da temporada.<\/p>\n<p>Na pr\u00f3xima ter\u00e7a-feira, dia 8 de setembro, o desafio ser\u00e1 diante do Santa Fe, da Col\u00f4mbia, em partida v\u00e1lida pelas quartas de final da Copa Sul-Americana, buscando recuperar a confian\u00e7a da torcida.<\/p>\n<p>Por Reda\u00e7\u00e3o Acontece<\/p>\n<p>Cr\u00e9ditos da imagem: Reprodu\u00e7\u00e3o \/ Redes Sociais<\/p>\n","protected":false},"excerpt":{"rendered":"<p>O t\u00e9cnico Pedro Emanuel classificou como uma &#8220;noite dura&#8221; o rev\u00e9s sofrido pelo Vasco da Gama diante do Fluminense pelo Campeonato Brasileiro, destacando o clima de total frustra\u00e7\u00e3o no vesti\u00e1rio cruz-maltino ap\u00f3s o cl\u00e1ssico decidido com gol solit\u00e1rio de Lucho Acosta. Repercuss\u00e3o do cl\u00e1ssico no Brasileir\u00e3o O comandante portugu\u00eas ressaltou que a equipe demonstrou superioridade [&hellip;]<\/p>\n","protected":false},"author":0,"featured_media":36441,"comment_status":"open","ping_status":"open","sticky":false,"template":"","format":"standard","meta":{"footnotes":""},"categories":[6],"tags":[],"class_list":["post-36435","post","type-post","status-publish","format-standard","has-post-thumbnail","hentry","category-mercosul"],"_links":{"self":[{"href":"https:\/\/acontecenafronteira.com.br\/index.php\/wp-json\/wp\/v2\/posts\/36435","targetHints":{"allow":["GET"]}}],"collection":[{"href":"https:\/\/acontecenafronteira.com.br\/index.php\/wp-json\/wp\/v2\/posts"}],"about":[{"href":"https:\/\/acontecenafronteira.com.br\/index.php\/wp-json\/wp\/v2\/types\/post"}],"replies":[{"embeddable":true,"href":"https:\/\/acontecenafronteira.com.br\/index.php\/wp-json\/wp\/v2\/comments?post=36435"}],"version-history":[{"count":1,"href":"https:\/\/acontecenafronteira.com.br\/index.php\/wp-json\/wp\/v2\/posts\/36435\/revisions"}],"predecessor-version":[{"id":36440,"href":"https:\/\/acontecenafronteira.com.br\/index.php\/wp-json\/wp\/v2\/posts\/36435\/revisions\/36440"}],"wp:featuredmedia":[{"embeddable":true,"href":"https:\/\/acontecenafronteira.com.br\/index.php\/wp-json\/wp\/v2\/media\/36441"}],"wp:attachment":[{"href":"https:\/\/acontecenafronteira.com.br\/index.php\/wp-json\/wp\/v2\/media?parent=36435"}],"wp:term":[{"taxonomy":"category","embeddable":true,"href":"https:\/\/acontecenafronteira.com.br\/index.php\/wp-json\/wp\/v2\/categories?post=36435"},{"taxonomy":"post_tag","embeddable":true,"href":"https:\/\/acontecenafronteira.com.br\/index.php\/wp-json\/wp\/v2\/tags?post=36435"}],"curies":[{"name":"wp","href":"https:\/\/api.w.org\/{rel}","templated":true}]}}