{"id":36424,"date":"2026-09-06T00:36:18","date_gmt":"2026-09-06T03:36:18","guid":{"rendered":"https:\/\/acontecenafronteira.com.br\/?p=36424"},"modified":"2026-09-06T00:36:18","modified_gmt":"2026-09-06T03:36:18","slug":"boy-george-sofre-sancoes-culturais-apos-defender-israel","status":"publish","type":"post","link":"https:\/\/acontecenafronteira.com.br\/index.php\/2026\/09\/06\/boy-george-sofre-sancoes-culturais-apos-defender-israel\/","title":{"rendered":"Boy George sofre san\u00e7\u00f5es culturais ap\u00f3s defender Israel"},"content":{"rendered":"<p>O renomado cantor brit\u00e2nico Boy George est\u00e1 enfrentando forte resist\u00eancia no meio cultural ap\u00f3s adotar uma postura contr\u00e1ria \u00e0 maioria dos artistas em rela\u00e7\u00e3o ao conflito no Oriente M\u00e9dio, que se intensificou ap\u00f3s os ataques de 7 de outubro de 2023.<\/p>\n<h2>A m\u00fasica contra a corrente dominante<\/h2>\n<p>Enquanto grande parte da comunidade art\u00edstica mundial manifestou posi\u00e7\u00f5es severamente cr\u00edticas a Israel, o artista brit\u00e2nico decidiu seguir um caminho completamente diferente e solit\u00e1rio na ind\u00fastria musical.<\/p>\n<p>Movido por sua vis\u00e3o dos acontecimentos, o m\u00fasico comp\u00f4s e lan\u00e7ou uma can\u00e7\u00e3o dedicada a honrar e defender as v\u00edtimas civis do atentado terrorista perpetrado pelo grupo Hamas.<\/p>\n<h2>Cr\u00edticas ao apagamento hist\u00f3rico<\/h2>\n<p>Al\u00e9m de homenagear os atingidos pelo massacre, a nova obra do cantor traz duras cr\u00edticas \u00e0 narrativa que, em sua avalia\u00e7\u00e3o, tenta minimizar, relativizar ou simplesmente apagar a gravidade dos ataques sofridos pelos israelenses.<\/p>\n<p>Essa tomada de posi\u00e7\u00e3o p\u00fablica gerou um intenso debate na ind\u00fastria do entretenimento e resultou em um evidente pre\u00e7o a ser pago pelo artista em termos de apoio e acolhimento cultural.<\/p>\n<p>Por Reda\u00e7\u00e3o Acontece<\/p>\n<p>Cr\u00e9ditos da imagem: Divulga\u00e7\u00e3o<\/p>\n","protected":false},"excerpt":{"rendered":"<p>O renomado cantor brit\u00e2nico Boy George est\u00e1 enfrentando forte resist\u00eancia no meio cultural ap\u00f3s adotar uma postura contr\u00e1ria \u00e0 maioria dos artistas em rela\u00e7\u00e3o ao conflito no Oriente M\u00e9dio, que se intensificou ap\u00f3s os ataques de 7 de outubro de 2023. A m\u00fasica contra a corrente dominante Enquanto grande parte da comunidade art\u00edstica mundial manifestou [&hellip;]<\/p>\n","protected":false},"author":0,"featured_media":36434,"comment_status":"open","ping_status":"open","sticky":false,"template":"","format":"standard","meta":{"footnotes":""},"categories":[28],"tags":[],"class_list":["post-36424","post","type-post","status-publish","format-standard","has-post-thumbnail","hentry","category-mundo"],"_links":{"self":[{"href":"https:\/\/acontecenafronteira.com.br\/index.php\/wp-json\/wp\/v2\/posts\/36424","targetHints":{"allow":["GET"]}}],"collection":[{"href":"https:\/\/acontecenafronteira.com.br\/index.php\/wp-json\/wp\/v2\/posts"}],"about":[{"href":"https:\/\/acontecenafronteira.com.br\/index.php\/wp-json\/wp\/v2\/types\/post"}],"replies":[{"embeddable":true,"href":"https:\/\/acontecenafronteira.com.br\/index.php\/wp-json\/wp\/v2\/comments?post=36424"}],"version-history":[{"count":1,"href":"https:\/\/acontecenafronteira.com.br\/index.php\/wp-json\/wp\/v2\/posts\/36424\/revisions"}],"predecessor-version":[{"id":36433,"href":"https:\/\/acontecenafronteira.com.br\/index.php\/wp-json\/wp\/v2\/posts\/36424\/revisions\/36433"}],"wp:featuredmedia":[{"embeddable":true,"href":"https:\/\/acontecenafronteira.com.br\/index.php\/wp-json\/wp\/v2\/media\/36434"}],"wp:attachment":[{"href":"https:\/\/acontecenafronteira.com.br\/index.php\/wp-json\/wp\/v2\/media?parent=36424"}],"wp:term":[{"taxonomy":"category","embeddable":true,"href":"https:\/\/acontecenafronteira.com.br\/index.php\/wp-json\/wp\/v2\/categories?post=36424"},{"taxonomy":"post_tag","embeddable":true,"href":"https:\/\/acontecenafronteira.com.br\/index.php\/wp-json\/wp\/v2\/tags?post=36424"}],"curies":[{"name":"wp","href":"https:\/\/api.w.org\/{rel}","templated":true}]}}