{"id":36423,"date":"2026-09-06T00:36:11","date_gmt":"2026-09-06T03:36:11","guid":{"rendered":"https:\/\/acontecenafronteira.com.br\/?p=36423"},"modified":"2026-09-06T00:36:11","modified_gmt":"2026-09-06T03:36:11","slug":"governo-de-israel-detalha-plano-de-expulsao-em-gaza","status":"publish","type":"post","link":"https:\/\/acontecenafronteira.com.br\/index.php\/2026\/09\/06\/governo-de-israel-detalha-plano-de-expulsao-em-gaza\/","title":{"rendered":"Governo de Israel detalha plano de expuls\u00e3o em Gaza"},"content":{"rendered":"<p>O governo de Israel oficializou um planejamento estrat\u00e9gico que prev\u00ea a remo\u00e7\u00e3o total da popula\u00e7\u00e3o palestina da Faixa de Gaza ao longo dos pr\u00f3ximos anos.<\/p>\n<h2>Etapas do desterro for\u00e7ado<\/h2>\n<p>O documento de vinte p\u00e1ginas, batizado oficialmente como Plano Nacional de Trabalho para a Emigra\u00e7\u00e3o Volunt\u00e1ria do Estreito de Gaza, foi apresentado pelo ministro da Seguran\u00e7a Interna, Itamar Ben-Gvir.<\/p>\n<h2>Metas de curto e longo prazo<\/h2>\n<p>Na primeira fase da iniciativa, com execu\u00e7\u00e3o programada para doze meses, a meta \u00e9 promover o deslocamento coercitivo de duzentos e cinquenta mil habitantes. O restante dos dois milh\u00f5es de residentes locais dever\u00e1 deixar a regi\u00e3o no per\u00edodo subsequente de seis anos.<\/p>\n<h2>Articula\u00e7\u00e3o internacional e aval esperado<\/h2>\n<p>O ministro afirmou que j\u00e1 existe uma rela\u00e7\u00e3o de na\u00e7\u00f5es preparadas para receber os deslocados. Por sua vez, o ministro da Defesa israelense, Israel Katz, declarou que a implementa\u00e7\u00e3o da medida em qualquer circunst\u00e2ncia depende apenas do sinal verde do presidente dos Estados Unidos, Donald Trump.<\/p>\n<p>Por Reda\u00e7\u00e3o Acontece<\/p>\n<p>Cr\u00e9ditos da imagem: Reprodu\u00e7\u00e3o<\/p>\n","protected":false},"excerpt":{"rendered":"<p>O governo de Israel oficializou um planejamento estrat\u00e9gico que prev\u00ea a remo\u00e7\u00e3o total da popula\u00e7\u00e3o palestina da Faixa de Gaza ao longo dos pr\u00f3ximos anos. Etapas do desterro for\u00e7ado O documento de vinte p\u00e1ginas, batizado oficialmente como Plano Nacional de Trabalho para a Emigra\u00e7\u00e3o Volunt\u00e1ria do Estreito de Gaza, foi apresentado pelo ministro da Seguran\u00e7a [&hellip;]<\/p>\n","protected":false},"author":0,"featured_media":36432,"comment_status":"open","ping_status":"open","sticky":false,"template":"","format":"standard","meta":{"footnotes":""},"categories":[28],"tags":[],"class_list":["post-36423","post","type-post","status-publish","format-standard","has-post-thumbnail","hentry","category-mundo"],"_links":{"self":[{"href":"https:\/\/acontecenafronteira.com.br\/index.php\/wp-json\/wp\/v2\/posts\/36423","targetHints":{"allow":["GET"]}}],"collection":[{"href":"https:\/\/acontecenafronteira.com.br\/index.php\/wp-json\/wp\/v2\/posts"}],"about":[{"href":"https:\/\/acontecenafronteira.com.br\/index.php\/wp-json\/wp\/v2\/types\/post"}],"replies":[{"embeddable":true,"href":"https:\/\/acontecenafronteira.com.br\/index.php\/wp-json\/wp\/v2\/comments?post=36423"}],"version-history":[{"count":1,"href":"https:\/\/acontecenafronteira.com.br\/index.php\/wp-json\/wp\/v2\/posts\/36423\/revisions"}],"predecessor-version":[{"id":36431,"href":"https:\/\/acontecenafronteira.com.br\/index.php\/wp-json\/wp\/v2\/posts\/36423\/revisions\/36431"}],"wp:featuredmedia":[{"embeddable":true,"href":"https:\/\/acontecenafronteira.com.br\/index.php\/wp-json\/wp\/v2\/media\/36432"}],"wp:attachment":[{"href":"https:\/\/acontecenafronteira.com.br\/index.php\/wp-json\/wp\/v2\/media?parent=36423"}],"wp:term":[{"taxonomy":"category","embeddable":true,"href":"https:\/\/acontecenafronteira.com.br\/index.php\/wp-json\/wp\/v2\/categories?post=36423"},{"taxonomy":"post_tag","embeddable":true,"href":"https:\/\/acontecenafronteira.com.br\/index.php\/wp-json\/wp\/v2\/tags?post=36423"}],"curies":[{"name":"wp","href":"https:\/\/api.w.org\/{rel}","templated":true}]}}