{"id":36422,"date":"2026-09-06T00:36:06","date_gmt":"2026-09-06T03:36:06","guid":{"rendered":"https:\/\/acontecenafronteira.com.br\/?p=36422"},"modified":"2026-09-06T00:36:06","modified_gmt":"2026-09-06T03:36:06","slug":"marcao-avalia-vitoria-do-fluminense-no-brasileirao","status":"publish","type":"post","link":"https:\/\/acontecenafronteira.com.br\/index.php\/2026\/09\/06\/marcao-avalia-vitoria-do-fluminense-no-brasileirao\/","title":{"rendered":"Marc\u00e3o avalia vit\u00f3ria do Fluminense no Brasileir\u00e3o"},"content":{"rendered":"<p>O comandante interino Marc\u00e3o celebrou o desempenho t\u00e1tico do Fluminense ap\u00f3s o triunfo por 1 a 0 sobre o Vasco, em partida v\u00e1lida pelo <strong>Campeonato Brasileiro<\/strong> disputada no est\u00e1dio do Maracan\u00e3.<\/p>\n<h2>Estrat\u00e9gia no cl\u00e1ssico carioca<\/h2>\n<p>O treinador destacou a resili\u00eancia do time tricolor durante a primeira etapa, per\u00edodo em que o advers\u00e1rio exerceu forte press\u00e3o. Segundo a an\u00e1lise da comiss\u00e3o t\u00e9cnica, saber suportar os momentos de dificuldade foi determinante para o resultado positivo.<\/p>\n<h2>O gol da vit\u00f3ria<\/h2>\n<p>Na etapa final do confronto, o panorama mudou e o Fluminense encontrou os espa\u00e7os necess\u00e1rios para balan\u00e7ar as redes com o atacante Lucho Acosta, garantindo os tr\u00eas pontos fundamentais na tabela de classifica\u00e7\u00e3o.<\/p>\n<p>Com este resultado positivo, a equipe carioca alcan\u00e7ou a marca de 45 pontos na competi\u00e7\u00e3o nacional, consolidando-se na quarta coloca\u00e7\u00e3o e mantendo firme o embalo para a sequ\u00eancia da temporada.<\/p>\n<h2>Foco na competi\u00e7\u00e3o continental<\/h2>\n<p>Agora, o clube volta todas as suas aten\u00e7\u00f5es para o torneio sul-americano. O pr\u00f3ximo compromisso ser\u00e1 nesta ter\u00e7a-feira, novamente no Maracan\u00e3, diante do Platense, pelo jogo de ida das quartas de final da <strong>Copa Libertadores da Am\u00e9rica<\/strong>.<\/p>\n<p>Por Reda\u00e7\u00e3o Acontece<\/p>\n<p>Cr\u00e9ditos da imagem: Divulga\u00e7\u00e3o \/ Staff Images<\/p>\n","protected":false},"excerpt":{"rendered":"<p>O comandante interino Marc\u00e3o celebrou o desempenho t\u00e1tico do Fluminense ap\u00f3s o triunfo por 1 a 0 sobre o Vasco, em partida v\u00e1lida pelo Campeonato Brasileiro disputada no est\u00e1dio do Maracan\u00e3. Estrat\u00e9gia no cl\u00e1ssico carioca O treinador destacou a resili\u00eancia do time tricolor durante a primeira etapa, per\u00edodo em que o advers\u00e1rio exerceu forte press\u00e3o. [&hellip;]<\/p>\n","protected":false},"author":0,"featured_media":36430,"comment_status":"open","ping_status":"open","sticky":false,"template":"","format":"standard","meta":{"footnotes":""},"categories":[28],"tags":[],"class_list":["post-36422","post","type-post","status-publish","format-standard","has-post-thumbnail","hentry","category-mundo"],"_links":{"self":[{"href":"https:\/\/acontecenafronteira.com.br\/index.php\/wp-json\/wp\/v2\/posts\/36422","targetHints":{"allow":["GET"]}}],"collection":[{"href":"https:\/\/acontecenafronteira.com.br\/index.php\/wp-json\/wp\/v2\/posts"}],"about":[{"href":"https:\/\/acontecenafronteira.com.br\/index.php\/wp-json\/wp\/v2\/types\/post"}],"replies":[{"embeddable":true,"href":"https:\/\/acontecenafronteira.com.br\/index.php\/wp-json\/wp\/v2\/comments?post=36422"}],"version-history":[{"count":1,"href":"https:\/\/acontecenafronteira.com.br\/index.php\/wp-json\/wp\/v2\/posts\/36422\/revisions"}],"predecessor-version":[{"id":36429,"href":"https:\/\/acontecenafronteira.com.br\/index.php\/wp-json\/wp\/v2\/posts\/36422\/revisions\/36429"}],"wp:featuredmedia":[{"embeddable":true,"href":"https:\/\/acontecenafronteira.com.br\/index.php\/wp-json\/wp\/v2\/media\/36430"}],"wp:attachment":[{"href":"https:\/\/acontecenafronteira.com.br\/index.php\/wp-json\/wp\/v2\/media?parent=36422"}],"wp:term":[{"taxonomy":"category","embeddable":true,"href":"https:\/\/acontecenafronteira.com.br\/index.php\/wp-json\/wp\/v2\/categories?post=36422"},{"taxonomy":"post_tag","embeddable":true,"href":"https:\/\/acontecenafronteira.com.br\/index.php\/wp-json\/wp\/v2\/tags?post=36422"}],"curies":[{"name":"wp","href":"https:\/\/api.w.org\/{rel}","templated":true}]}}