{"id":36421,"date":"2026-09-06T00:36:01","date_gmt":"2026-09-06T03:36:01","guid":{"rendered":"https:\/\/acontecenafronteira.com.br\/?p=36421"},"modified":"2026-09-06T00:36:01","modified_gmt":"2026-09-06T03:36:01","slug":"regras-para-patinetes-e-bikes-eletricas-curitiba-de-olho","status":"publish","type":"post","link":"https:\/\/acontecenafronteira.com.br\/index.php\/2026\/09\/06\/regras-para-patinetes-e-bikes-eletricas-curitiba-de-olho\/","title":{"rendered":"Regras para patinetes e bikes el\u00e9tricas: Curitiba de olho"},"content":{"rendered":"<p>A crescente prolifera\u00e7\u00e3o de bicicletas el\u00e9tricas, patinetes e outros meios de transporte leves nas vias urbanas tem gerado grandes desafios para a mobilidade das grandes cidades brasileiras.<\/p>\n<h2>O desafio da conviv\u00eancia urbana<\/h2>\n<p>A disputa por espa\u00e7o entre pedestres, corredores, entregadores e skatistas em ciclovias, cal\u00e7adas e ruas exige a\u00e7\u00f5es urgentes do poder p\u00fablico para organizar o tr\u00e2nsito e proteger a popula\u00e7\u00e3o.<\/p>\n<p>Diante desse cen\u00e1rio complexo, as administra\u00e7\u00f5es municipais de S\u00e3o Paulo e do Rio de Janeiro decidiram endurecer as normas de circula\u00e7\u00e3o para esses equipamentos, visando harmonizar a conviv\u00eancia e priorizar a seguran\u00e7a vi\u00e1ria.<\/p>\n<h3>Medidas para conter os riscos<\/h3>\n<p>Apesar das novas exig\u00eancias implementadas nessas capitais, o controle total da situa\u00e7\u00e3o ainda est\u00e1 distante de ser alcan\u00e7ado, demandando fiscaliza\u00e7\u00e3o constante e campanhas de conscientiza\u00e7\u00e3o.<\/p>\n<p>As discuss\u00f5es sobre o uso adequado de ve\u00edculos autopropelidos ganham for\u00e7a em todo o pa\u00eds, servindo de exemplo para outras metr\u00f3poles que enfrentam o mesmo caos di\u00e1rio nas faixas exclusivas.<\/p>\n<p>Novas regulamenta\u00e7\u00f5es devem continuar surgindo para acompanhar a evolu\u00e7\u00e3o tecnol\u00f3gica da mobilidade urbana sustent\u00e1vel.<\/p>\n<p>Por Reda\u00e7\u00e3o Acontece<\/p>\n<p>Cr\u00e9ditos da imagem: Divulga\u00e7\u00e3o\/Prefeitura<\/p>\n","protected":false},"excerpt":{"rendered":"<p>A crescente prolifera\u00e7\u00e3o de bicicletas el\u00e9tricas, patinetes e outros meios de transporte leves nas vias urbanas tem gerado grandes desafios para a mobilidade das grandes cidades brasileiras. O desafio da conviv\u00eancia urbana A disputa por espa\u00e7o entre pedestres, corredores, entregadores e skatistas em ciclovias, cal\u00e7adas e ruas exige a\u00e7\u00f5es urgentes do poder p\u00fablico para organizar [&hellip;]<\/p>\n","protected":false},"author":0,"featured_media":36428,"comment_status":"open","ping_status":"open","sticky":false,"template":"","format":"standard","meta":{"footnotes":""},"categories":[28],"tags":[],"class_list":["post-36421","post","type-post","status-publish","format-standard","has-post-thumbnail","hentry","category-mundo"],"_links":{"self":[{"href":"https:\/\/acontecenafronteira.com.br\/index.php\/wp-json\/wp\/v2\/posts\/36421","targetHints":{"allow":["GET"]}}],"collection":[{"href":"https:\/\/acontecenafronteira.com.br\/index.php\/wp-json\/wp\/v2\/posts"}],"about":[{"href":"https:\/\/acontecenafronteira.com.br\/index.php\/wp-json\/wp\/v2\/types\/post"}],"replies":[{"embeddable":true,"href":"https:\/\/acontecenafronteira.com.br\/index.php\/wp-json\/wp\/v2\/comments?post=36421"}],"version-history":[{"count":1,"href":"https:\/\/acontecenafronteira.com.br\/index.php\/wp-json\/wp\/v2\/posts\/36421\/revisions"}],"predecessor-version":[{"id":36427,"href":"https:\/\/acontecenafronteira.com.br\/index.php\/wp-json\/wp\/v2\/posts\/36421\/revisions\/36427"}],"wp:featuredmedia":[{"embeddable":true,"href":"https:\/\/acontecenafronteira.com.br\/index.php\/wp-json\/wp\/v2\/media\/36428"}],"wp:attachment":[{"href":"https:\/\/acontecenafronteira.com.br\/index.php\/wp-json\/wp\/v2\/media?parent=36421"}],"wp:term":[{"taxonomy":"category","embeddable":true,"href":"https:\/\/acontecenafronteira.com.br\/index.php\/wp-json\/wp\/v2\/categories?post=36421"},{"taxonomy":"post_tag","embeddable":true,"href":"https:\/\/acontecenafronteira.com.br\/index.php\/wp-json\/wp\/v2\/tags?post=36421"}],"curies":[{"name":"wp","href":"https:\/\/api.w.org\/{rel}","templated":true}]}}