{"id":36420,"date":"2026-09-06T00:35:52","date_gmt":"2026-09-06T03:35:52","guid":{"rendered":"https:\/\/acontecenafronteira.com.br\/?p=36420"},"modified":"2026-09-06T00:35:52","modified_gmt":"2026-09-06T03:35:52","slug":"rombos-na-previdencia-exigem-nova-reforma-urgente-no-brasil","status":"publish","type":"post","link":"https:\/\/acontecenafronteira.com.br\/index.php\/2026\/09\/06\/rombos-na-previdencia-exigem-nova-reforma-urgente-no-brasil\/","title":{"rendered":"Rombos na Previd\u00eancia exigem nova reforma urgente no Brasil"},"content":{"rendered":"<p>Pouco menos de dez anos ap\u00f3s a \u00faltima grande altera\u00e7\u00e3o nas regras de aposentadoria, o sistema previdenci\u00e1rio brasileiro volta a registrar d\u00e9ficits alarmantes, evidenciando que as contribui\u00e7\u00f5es atuais n\u00e3o cobrem os pagamentos de benef\u00edcios e pens\u00f5es.<\/p>\n<h2>O peso dos gastos p\u00fablicos no or\u00e7amento<\/h2>\n<p>Para cobrir os compromissos financeiros do INSS em 2025, o Tesouro Nacional precisou injetar a expressiva quantia de R$ 320 bilh\u00f5es.<\/p>\n<p>Al\u00e9m desse montante bilion\u00e1rio destinado ao regime geral, os cofres p\u00fablicos arcaram com despesas adicionais de R$ 62 bilh\u00f5es referentes \u00e0 Previd\u00eancia dos servidores p\u00fablicos civis.<\/p>\n<h2>Impacto das pens\u00f5es militares e proje\u00e7\u00f5es futuras<\/h2>\n<p>O or\u00e7amento tamb\u00e9m sofre forte press\u00e3o com o setor militar, cujas pens\u00f5es e inatividades exigiram um aporte de R$ 53 bilh\u00f5es no mesmo per\u00edodo analisado.<\/p>\n<p>Atualmente, os gastos totais do INSS j\u00e1 consomem cerca de 8% do Produto Interno Bruto brasileiro, refletindo a necessidade de ajustes estruturais urgentes.<\/p>\n<p>Com o avan\u00e7o da expectativa de vida e o r\u00e1pido envelhecimento da popula\u00e7\u00e3o, as proje\u00e7\u00f5es econ\u00f4micas indicam que essas despesas podem ultrapassar a marca de 17% do PIB at\u00e9 o encerramento deste s\u00e9culo.<\/p>\n<p>Diante desse cen\u00e1rio de desequil\u00edbrio fiscal cont\u00ednuo, especialistas em contas p\u00fablicas apontam que o pa\u00eds precisar\u00e1 debater novas mudan\u00e7as estruturais que garantam a sustentabilidade a longo prazo.<\/p>\n<p>Por Reda\u00e7\u00e3o Acontece<\/p>\n<p>Cr\u00e9ditos da imagem: Divulga\u00e7\u00e3o \/ Ag\u00eancia Brasil<\/p>\n","protected":false},"excerpt":{"rendered":"<p>Pouco menos de dez anos ap\u00f3s a \u00faltima grande altera\u00e7\u00e3o nas regras de aposentadoria, o sistema previdenci\u00e1rio brasileiro volta a registrar d\u00e9ficits alarmantes, evidenciando que as contribui\u00e7\u00f5es atuais n\u00e3o cobrem os pagamentos de benef\u00edcios e pens\u00f5es. O peso dos gastos p\u00fablicos no or\u00e7amento Para cobrir os compromissos financeiros do INSS em 2025, o Tesouro Nacional [&hellip;]<\/p>\n","protected":false},"author":0,"featured_media":36426,"comment_status":"open","ping_status":"open","sticky":false,"template":"","format":"standard","meta":{"footnotes":""},"categories":[28],"tags":[],"class_list":["post-36420","post","type-post","status-publish","format-standard","has-post-thumbnail","hentry","category-mundo"],"_links":{"self":[{"href":"https:\/\/acontecenafronteira.com.br\/index.php\/wp-json\/wp\/v2\/posts\/36420","targetHints":{"allow":["GET"]}}],"collection":[{"href":"https:\/\/acontecenafronteira.com.br\/index.php\/wp-json\/wp\/v2\/posts"}],"about":[{"href":"https:\/\/acontecenafronteira.com.br\/index.php\/wp-json\/wp\/v2\/types\/post"}],"replies":[{"embeddable":true,"href":"https:\/\/acontecenafronteira.com.br\/index.php\/wp-json\/wp\/v2\/comments?post=36420"}],"version-history":[{"count":1,"href":"https:\/\/acontecenafronteira.com.br\/index.php\/wp-json\/wp\/v2\/posts\/36420\/revisions"}],"predecessor-version":[{"id":36425,"href":"https:\/\/acontecenafronteira.com.br\/index.php\/wp-json\/wp\/v2\/posts\/36420\/revisions\/36425"}],"wp:featuredmedia":[{"embeddable":true,"href":"https:\/\/acontecenafronteira.com.br\/index.php\/wp-json\/wp\/v2\/media\/36426"}],"wp:attachment":[{"href":"https:\/\/acontecenafronteira.com.br\/index.php\/wp-json\/wp\/v2\/media?parent=36420"}],"wp:term":[{"taxonomy":"category","embeddable":true,"href":"https:\/\/acontecenafronteira.com.br\/index.php\/wp-json\/wp\/v2\/categories?post=36420"},{"taxonomy":"post_tag","embeddable":true,"href":"https:\/\/acontecenafronteira.com.br\/index.php\/wp-json\/wp\/v2\/tags?post=36420"}],"curies":[{"name":"wp","href":"https:\/\/api.w.org\/{rel}","templated":true}]}}