{"id":36408,"date":"2026-09-05T23:37:09","date_gmt":"2026-09-06T02:37:09","guid":{"rendered":"https:\/\/acontecenafronteira.com.br\/?p=36408"},"modified":"2026-09-05T23:37:09","modified_gmt":"2026-09-06T02:37:09","slug":"otaviano-costa-expoe-bastidores-e-ciumes-do-danca-dos-famosos","status":"publish","type":"post","link":"https:\/\/acontecenafronteira.com.br\/index.php\/2026\/09\/05\/otaviano-costa-expoe-bastidores-e-ciumes-do-danca-dos-famosos\/","title":{"rendered":"Otaviano Costa exp\u00f5e bastidores e ci\u00fames do Dan\u00e7a dos Famosos"},"content":{"rendered":"<p>O apresentador Otaviano Costa resolveu abrir o jogo sobre o que realmente acontece longe das c\u00e2meras do Dan\u00e7a dos Famosos, quadro de grande sucesso na televis\u00e3o brasileira.<\/p>\n<h2>A din\u00e2mica das festas p\u00f3s-ensaio<\/h2>\n<p>O famoso revelou que o elenco costuma se reunir para confraternizar ap\u00f3s o fim da prepara\u00e7\u00e3o para as coreografias. Segundo ele, os encontros re\u00fanem o grupo de celebridades para momentos de descontra\u00e7\u00e3o, embora mantenham um clima bastante tranquilo e longe dos exageros que o p\u00fablico costuma imaginar.<\/p>\n<h2>Rivalidade e competi\u00e7\u00e3o saud\u00e1vel<\/h2>\n<p>Rivalidade saud\u00e1vel na disputa<\/p>\n<p>Apesar da forte uni\u00e3o constru\u00edda entre os competidores, a busca pelas melhores notas gera um clima natural de disputa. O artista admitiu que existe um certo ci\u00fame nos bastidores quando um colega recebe uma avalia\u00e7\u00e3o superior do j\u00fari, elemento que, segundo ele, movimenta e d\u00e1 ainda mais gra\u00e7a \u00e0 competi\u00e7\u00e3o televisionada.<\/p>\n<h2>O susto com a les\u00e3o nos treinos<\/h2>\n<p>Superando os limites no palco<\/p>\n<p>Durante a conversa, o famoso relembrou o susto que levou logo na primeira semana de treinos intensos, quando sofreu um estiramento muscular de grau dois ao tentar executar passos de pagod\u00e3o baiano sem a t\u00e9cnica necess\u00e1ria, quase rompendo o m\u00fasculo por completo.<\/p>\n<p>Mesmo com o contratempo f\u00edsico e a sa\u00edda da zona de conforto, ele destacou que a experi\u00eancia tem sido extremamente positiva para explorar um lado art\u00edstico totalmente novo em sua carreira.<\/p>\n<p>Por Reda\u00e7\u00e3o Acontece<\/p>\n<p>Cr\u00e9ditos da imagem: Reprodu\u00e7\u00e3o \/ Instagram<\/p>\n","protected":false},"excerpt":{"rendered":"<p>O apresentador Otaviano Costa resolveu abrir o jogo sobre o que realmente acontece longe das c\u00e2meras do Dan\u00e7a dos Famosos, quadro de grande sucesso na televis\u00e3o brasileira. A din\u00e2mica das festas p\u00f3s-ensaio O famoso revelou que o elenco costuma se reunir para confraternizar ap\u00f3s o fim da prepara\u00e7\u00e3o para as coreografias. Segundo ele, os encontros [&hellip;]<\/p>\n","protected":false},"author":0,"featured_media":36417,"comment_status":"open","ping_status":"open","sticky":false,"template":"","format":"standard","meta":{"footnotes":""},"categories":[6],"tags":[],"class_list":["post-36408","post","type-post","status-publish","format-standard","has-post-thumbnail","hentry","category-mercosul"],"_links":{"self":[{"href":"https:\/\/acontecenafronteira.com.br\/index.php\/wp-json\/wp\/v2\/posts\/36408","targetHints":{"allow":["GET"]}}],"collection":[{"href":"https:\/\/acontecenafronteira.com.br\/index.php\/wp-json\/wp\/v2\/posts"}],"about":[{"href":"https:\/\/acontecenafronteira.com.br\/index.php\/wp-json\/wp\/v2\/types\/post"}],"replies":[{"embeddable":true,"href":"https:\/\/acontecenafronteira.com.br\/index.php\/wp-json\/wp\/v2\/comments?post=36408"}],"version-history":[{"count":1,"href":"https:\/\/acontecenafronteira.com.br\/index.php\/wp-json\/wp\/v2\/posts\/36408\/revisions"}],"predecessor-version":[{"id":36416,"href":"https:\/\/acontecenafronteira.com.br\/index.php\/wp-json\/wp\/v2\/posts\/36408\/revisions\/36416"}],"wp:featuredmedia":[{"embeddable":true,"href":"https:\/\/acontecenafronteira.com.br\/index.php\/wp-json\/wp\/v2\/media\/36417"}],"wp:attachment":[{"href":"https:\/\/acontecenafronteira.com.br\/index.php\/wp-json\/wp\/v2\/media?parent=36408"}],"wp:term":[{"taxonomy":"category","embeddable":true,"href":"https:\/\/acontecenafronteira.com.br\/index.php\/wp-json\/wp\/v2\/categories?post=36408"},{"taxonomy":"post_tag","embeddable":true,"href":"https:\/\/acontecenafronteira.com.br\/index.php\/wp-json\/wp\/v2\/tags?post=36408"}],"curies":[{"name":"wp","href":"https:\/\/api.w.org\/{rel}","templated":true}]}}