{"id":36406,"date":"2026-09-05T23:36:58","date_gmt":"2026-09-06T02:36:58","guid":{"rendered":"https:\/\/acontecenafronteira.com.br\/?p=36406"},"modified":"2026-09-05T23:36:58","modified_gmt":"2026-09-06T02:36:58","slug":"foz-do-iguacu-debate-melhorias-no-transporte-e-saude-publica","status":"publish","type":"post","link":"https:\/\/acontecenafronteira.com.br\/index.php\/2026\/09\/05\/foz-do-iguacu-debate-melhorias-no-transporte-e-saude-publica\/","title":{"rendered":"Foz do Igua\u00e7u debate melhorias no transporte e sa\u00fade p\u00fablica"},"content":{"rendered":"<p>Novas propostas para a mobilidade urbana e o sistema de sa\u00fade foram apresentadas recentemente em debates que mobilizam moradores de Foz do Igua\u00e7u, buscando solu\u00e7\u00f5es urgentes para os principais gargalos da regi\u00e3o paranaense.<\/p>\n<h2>Transporte coletivo em foco<\/h2>\n<p>Durante encontros com a comunidade local, lideran\u00e7as discutiram a necessidade de modernizar a frota de \u00f4nibus municipais, garantindo ve\u00edculos mais confort\u00e1veis e equipados com climatiza\u00e7\u00e3o para atender adequadamente os passageiros que dependem diariamente do servi\u00e7o.<\/p>\n<h2>Investimentos na sa\u00fade municipal<\/h2>\n<p>Outro ponto central das discuss\u00f5es envolveu a amplia\u00e7\u00e3o dos recursos destinados aos postos de atendimento e hospitais da cidade. A prioridade defendida por especialistas e moradores \u00e9 a contrata\u00e7\u00e3o de mais profissionais e a aquisi\u00e7\u00e3o de insumos b\u00e1sicos.<\/p>\n<h2>Seguran\u00e7a e infraestrutura urbana<\/h2>\n<p>Al\u00e9m do transporte e da sa\u00fade, os debates abrangeram a urg\u00eancia de refor\u00e7ar o policiamento ostensivo nos bairros e melhorar a infraestrutura vi\u00e1ria, garantindo um ambiente mais seguro e integrado para todos os cidad\u00e3os da tr\u00edpside fronteiri\u00e7a.<\/p>\n<p>As demandas apresentadas refletem os desafios cotidianos enfrentados pela comunidade, exigindo planejamento estrat\u00e9gico e a\u00e7\u00f5es efetivas do poder p\u00fablico nos pr\u00f3ximos meses para promover o desenvolvimento sustent\u00e1vel do munic\u00edpio paranaense.<\/p>\n<p>Por Reda\u00e7\u00e3o Acontece<\/p>\n<p>Cr\u00e9ditos da imagem: Divulga\u00e7\u00e3o \/ AconteceIA<\/p>\n","protected":false},"excerpt":{"rendered":"<p>Novas propostas para a mobilidade urbana e o sistema de sa\u00fade foram apresentadas recentemente em debates que mobilizam moradores de Foz do Igua\u00e7u, buscando solu\u00e7\u00f5es urgentes para os principais gargalos da regi\u00e3o paranaense. Transporte coletivo em foco Durante encontros com a comunidade local, lideran\u00e7as discutiram a necessidade de modernizar a frota de \u00f4nibus municipais, garantindo [&hellip;]<\/p>\n","protected":false},"author":0,"featured_media":36413,"comment_status":"open","ping_status":"open","sticky":false,"template":"","format":"standard","meta":{"footnotes":""},"categories":[6],"tags":[],"class_list":["post-36406","post","type-post","status-publish","format-standard","has-post-thumbnail","hentry","category-mercosul"],"_links":{"self":[{"href":"https:\/\/acontecenafronteira.com.br\/index.php\/wp-json\/wp\/v2\/posts\/36406","targetHints":{"allow":["GET"]}}],"collection":[{"href":"https:\/\/acontecenafronteira.com.br\/index.php\/wp-json\/wp\/v2\/posts"}],"about":[{"href":"https:\/\/acontecenafronteira.com.br\/index.php\/wp-json\/wp\/v2\/types\/post"}],"replies":[{"embeddable":true,"href":"https:\/\/acontecenafronteira.com.br\/index.php\/wp-json\/wp\/v2\/comments?post=36406"}],"version-history":[{"count":1,"href":"https:\/\/acontecenafronteira.com.br\/index.php\/wp-json\/wp\/v2\/posts\/36406\/revisions"}],"predecessor-version":[{"id":36412,"href":"https:\/\/acontecenafronteira.com.br\/index.php\/wp-json\/wp\/v2\/posts\/36406\/revisions\/36412"}],"wp:featuredmedia":[{"embeddable":true,"href":"https:\/\/acontecenafronteira.com.br\/index.php\/wp-json\/wp\/v2\/media\/36413"}],"wp:attachment":[{"href":"https:\/\/acontecenafronteira.com.br\/index.php\/wp-json\/wp\/v2\/media?parent=36406"}],"wp:term":[{"taxonomy":"category","embeddable":true,"href":"https:\/\/acontecenafronteira.com.br\/index.php\/wp-json\/wp\/v2\/categories?post=36406"},{"taxonomy":"post_tag","embeddable":true,"href":"https:\/\/acontecenafronteira.com.br\/index.php\/wp-json\/wp\/v2\/tags?post=36406"}],"curies":[{"name":"wp","href":"https:\/\/api.w.org\/{rel}","templated":true}]}}