{"id":36405,"date":"2026-09-05T23:36:38","date_gmt":"2026-09-06T02:36:38","guid":{"rendered":"https:\/\/acontecenafronteira.com.br\/?p=36405"},"modified":"2026-09-05T23:36:38","modified_gmt":"2026-09-06T02:36:38","slug":"ex-pm-do-parana-foragido-e-morto-em-confronto-policial-em-sp","status":"publish","type":"post","link":"https:\/\/acontecenafronteira.com.br\/index.php\/2026\/09\/05\/ex-pm-do-parana-foragido-e-morto-em-confronto-policial-em-sp\/","title":{"rendered":"Ex-PM do Paran\u00e1 foragido \u00e9 morto em confronto policial em SP"},"content":{"rendered":"<p>Um ex-policial militar do estado do Paran\u00e1 que estava com mandado de pris\u00e3o em aberto foi morto durante uma opera\u00e7\u00e3o policial no estado de S\u00e3o Paulo. A a\u00e7\u00e3o envolveu equipes de seguran\u00e7a paulistas que rastrearam o paradeiro do foragido.<\/p>\n<h2>Confronto e desfecho da opera\u00e7\u00e3o<\/h2>\n<p>A interven\u00e7\u00e3o policial ocorreu ap\u00f3s investiga\u00e7\u00f5es que apontavam a localiza\u00e7\u00e3o do ex-agente paranaense. Durante a abordagem, houve troca de tiros e o suspeito acabou baleado, n\u00e3o resistindo aos ferimentos e vindo a \u00f3bito no local.<\/p>\n<h2>Hist\u00f3rico do ex-agente<\/h2>\n<p>O indiv\u00edduo acumulava pend\u00eancias com a Justi\u00e7a de seu estado natal. A opera\u00e7\u00e3o conjunta entre as for\u00e7as de seguran\u00e7a refor\u00e7a o cerco a criminosos foragidos que buscam se esconder em outras regi\u00f5es do pa\u00eds.<\/p>\n<p>As autoridades policiais de S\u00e3o Paulo e do Paran\u00e1 acompanham os desdobramentos do caso, enquanto per\u00edcias t\u00e9cnicas foram realizadas no local do confronto para esclarecer todos os detalhes da ocorr\u00eancia.<\/p>\n<p>Por Reda\u00e7\u00e3o Acontece<\/p>\n<p>Cr\u00e9ditos da imagem: Divulga\u00e7\u00e3o \/ Pol\u00edcia Civil<\/p>\n","protected":false},"excerpt":{"rendered":"<p>Um ex-policial militar do estado do Paran\u00e1 que estava com mandado de pris\u00e3o em aberto foi morto durante uma opera\u00e7\u00e3o policial no estado de S\u00e3o Paulo. A a\u00e7\u00e3o envolveu equipes de seguran\u00e7a paulistas que rastrearam o paradeiro do foragido. Confronto e desfecho da opera\u00e7\u00e3o A interven\u00e7\u00e3o policial ocorreu ap\u00f3s investiga\u00e7\u00f5es que apontavam a localiza\u00e7\u00e3o do [&hellip;]<\/p>\n","protected":false},"author":0,"featured_media":36411,"comment_status":"open","ping_status":"open","sticky":false,"template":"","format":"standard","meta":{"footnotes":""},"categories":[6],"tags":[],"class_list":["post-36405","post","type-post","status-publish","format-standard","has-post-thumbnail","hentry","category-mercosul"],"_links":{"self":[{"href":"https:\/\/acontecenafronteira.com.br\/index.php\/wp-json\/wp\/v2\/posts\/36405","targetHints":{"allow":["GET"]}}],"collection":[{"href":"https:\/\/acontecenafronteira.com.br\/index.php\/wp-json\/wp\/v2\/posts"}],"about":[{"href":"https:\/\/acontecenafronteira.com.br\/index.php\/wp-json\/wp\/v2\/types\/post"}],"replies":[{"embeddable":true,"href":"https:\/\/acontecenafronteira.com.br\/index.php\/wp-json\/wp\/v2\/comments?post=36405"}],"version-history":[{"count":1,"href":"https:\/\/acontecenafronteira.com.br\/index.php\/wp-json\/wp\/v2\/posts\/36405\/revisions"}],"predecessor-version":[{"id":36410,"href":"https:\/\/acontecenafronteira.com.br\/index.php\/wp-json\/wp\/v2\/posts\/36405\/revisions\/36410"}],"wp:featuredmedia":[{"embeddable":true,"href":"https:\/\/acontecenafronteira.com.br\/index.php\/wp-json\/wp\/v2\/media\/36411"}],"wp:attachment":[{"href":"https:\/\/acontecenafronteira.com.br\/index.php\/wp-json\/wp\/v2\/media?parent=36405"}],"wp:term":[{"taxonomy":"category","embeddable":true,"href":"https:\/\/acontecenafronteira.com.br\/index.php\/wp-json\/wp\/v2\/categories?post=36405"},{"taxonomy":"post_tag","embeddable":true,"href":"https:\/\/acontecenafronteira.com.br\/index.php\/wp-json\/wp\/v2\/tags?post=36405"}],"curies":[{"name":"wp","href":"https:\/\/api.w.org\/{rel}","templated":true}]}}