{"id":36394,"date":"2026-09-05T23:36:34","date_gmt":"2026-09-06T02:36:34","guid":{"rendered":"https:\/\/acontecenafronteira.com.br\/?p=36394"},"modified":"2026-09-05T23:36:34","modified_gmt":"2026-09-06T02:36:34","slug":"foz-do-iguacu-rock-e-cultura-em-destaque","status":"publish","type":"post","link":"https:\/\/acontecenafronteira.com.br\/index.php\/2026\/09\/05\/foz-do-iguacu-rock-e-cultura-em-destaque\/","title":{"rendered":"Foz do Igua\u00e7u: Rock e Cultura em Destaque"},"content":{"rendered":"<p>O cen\u00e1rio cultural do estado do Paran\u00e1 ganha for\u00e7a com eventos e apresenta\u00e7\u00f5es que movimentam a regi\u00e3o de fronteira e atraem amantes da m\u00fasica pesada e do rock nacional.<\/p>\n<h2>A for\u00e7a do rock em Foz do Igua\u00e7u<\/h2>\n<p>A cena musical na regi\u00e3o oeste paranaense tem revelado talentos e trazido grandes influ\u00eancias do heavy metal e do hard rock para o p\u00fablico local, mantendo viva a tradi\u00e7\u00e3o dos grandes festivais de m\u00fasica.<\/p>\n<h3>Homenagens aos \u00edcones da m\u00fasica<\/h3>\n<p>Releituras de cl\u00e1ssicos da m\u00fasica brasileira e internacional demonstram a versatilidade dos artistas que passam pelos palcos da regi\u00e3o, unindo gera\u00e7\u00f5es em torno de grandes sucessos.<\/p>\n<p>A programa\u00e7\u00e3o de eventos e festivais na regi\u00e3o segue atraindo turistas e moradores, consolidando o estado como um polo importante para o turismo de entretenimento e grandes espet\u00e1culos musicais.<\/p>\n<p>Por Reda\u00e7\u00e3o Acontece<\/p>\n<p>Fabiano Rocha \/ Ag\u00eancia O Globo<\/p>\n","protected":false},"excerpt":{"rendered":"<p>O cen\u00e1rio cultural do estado do Paran\u00e1 ganha for\u00e7a com eventos e apresenta\u00e7\u00f5es que movimentam a regi\u00e3o de fronteira e atraem amantes da m\u00fasica pesada e do rock nacional. A for\u00e7a do rock em Foz do Igua\u00e7u A cena musical na regi\u00e3o oeste paranaense tem revelado talentos e trazido grandes influ\u00eancias do heavy metal e [&hellip;]<\/p>\n","protected":false},"author":0,"featured_media":36404,"comment_status":"open","ping_status":"open","sticky":false,"template":"","format":"standard","meta":{"footnotes":""},"categories":[28],"tags":[],"class_list":["post-36394","post","type-post","status-publish","format-standard","has-post-thumbnail","hentry","category-mundo"],"_links":{"self":[{"href":"https:\/\/acontecenafronteira.com.br\/index.php\/wp-json\/wp\/v2\/posts\/36394","targetHints":{"allow":["GET"]}}],"collection":[{"href":"https:\/\/acontecenafronteira.com.br\/index.php\/wp-json\/wp\/v2\/posts"}],"about":[{"href":"https:\/\/acontecenafronteira.com.br\/index.php\/wp-json\/wp\/v2\/types\/post"}],"replies":[{"embeddable":true,"href":"https:\/\/acontecenafronteira.com.br\/index.php\/wp-json\/wp\/v2\/comments?post=36394"}],"version-history":[{"count":1,"href":"https:\/\/acontecenafronteira.com.br\/index.php\/wp-json\/wp\/v2\/posts\/36394\/revisions"}],"predecessor-version":[{"id":36403,"href":"https:\/\/acontecenafronteira.com.br\/index.php\/wp-json\/wp\/v2\/posts\/36394\/revisions\/36403"}],"wp:featuredmedia":[{"embeddable":true,"href":"https:\/\/acontecenafronteira.com.br\/index.php\/wp-json\/wp\/v2\/media\/36404"}],"wp:attachment":[{"href":"https:\/\/acontecenafronteira.com.br\/index.php\/wp-json\/wp\/v2\/media?parent=36394"}],"wp:term":[{"taxonomy":"category","embeddable":true,"href":"https:\/\/acontecenafronteira.com.br\/index.php\/wp-json\/wp\/v2\/categories?post=36394"},{"taxonomy":"post_tag","embeddable":true,"href":"https:\/\/acontecenafronteira.com.br\/index.php\/wp-json\/wp\/v2\/tags?post=36394"}],"curies":[{"name":"wp","href":"https:\/\/api.w.org\/{rel}","templated":true}]}}