{"id":36393,"date":"2026-09-05T23:36:23","date_gmt":"2026-09-06T02:36:23","guid":{"rendered":"https:\/\/acontecenafronteira.com.br\/?p=36393"},"modified":"2026-09-05T23:36:23","modified_gmt":"2026-09-06T02:36:23","slug":"janja-afasta-mulher-de-lula-e-gera-polemica-na-web","status":"publish","type":"post","link":"https:\/\/acontecenafronteira.com.br\/index.php\/2026\/09\/05\/janja-afasta-mulher-de-lula-e-gera-polemica-na-web\/","title":{"rendered":"Janja afasta mulher de Lula e gera pol\u00eamica na web"},"content":{"rendered":"<p>Um v\u00eddeo que mostra a primeira-dama Janja Lula da Silva afastando uma apoiadora que tentava abra\u00e7ar o presidente Luiz In\u00e1cio Lula da Silva gerou forte repercuss\u00e3o negativa nas redes sociais nesta sexta-feira. A cena ocorreu durante uma caminhada pol\u00edtica na cidade cearense de Juazeiro do Norte, enquanto o casal estava sobre a carroceria de uma caminhonete.<\/p>\n<h2>Repercuss\u00e3o negativa nas redes sociais<\/h2>\n<p>Nas imagens que rapidamente viralizaram na internet, a cidad\u00e3 se aproxima do ve\u00edculo, consegue la\u00e7ar o pesco\u00e7o do pol\u00edtico com os bra\u00e7os e faz um movimento para pux\u00e1-lo para baixo. No mesmo instante, a soci\u00f3loga interv\u00e9m, empurrando os bra\u00e7os da mulher para livrar o marido da situa\u00e7\u00e3o repentina.<\/p>\n<h3>Cr\u00edticas e defesas dividem internautas<\/h3>\n<p>A atitude da esposa do chefe do Executivo dividiu opini\u00f5es na plataforma X. Perfis de oposi\u00e7\u00e3o aproveitaram o incidente para disparar ataques contra a primeira-dama, com publica\u00e7\u00f5es que acusavam a postura de antipovo e afirmavam que o epis\u00f3dio prejudica a imagem do governo federal.<\/p>\n<p>Por outro lado, defensores da gest\u00e3o atual sa\u00edram em socorro da soci\u00f3loga. Usu\u00e1rios alinhados \u00e0 esquerda argumentaram que a abordagem foi brusca e representava um risco f\u00edsico real ao presidente, j\u00e1 que a apoiadora quase o derrubou ao pux\u00e1-lo pelo pesco\u00e7o.<\/p>\n<h2>Hist\u00f3rico de desgaste pol\u00edtico<\/h2>\n<p>N\u00e3o \u00e9 a primeira vez que a imagem da companheira do presidente entra no centro de pol\u00eamicas p\u00fablicas. Analistas pol\u00edticos e aliados j\u00e1 apontaram anteriormente que certas atitudes da primeira-dama geraram desgastes desnecess\u00e1rios para a administra\u00e7\u00e3o federal, tanto internamente quanto perante a opini\u00e3o p\u00fablica.<\/p>\n<p>Apesar das controv\u00e9rsias frequentes, ela cumpre um papel estrat\u00e9gico na articula\u00e7\u00e3o pol\u00edtica voltada para o p\u00fablico feminino e busca aproxima\u00e7\u00e3o com comunidades religiosas, participando ativamente de atos de campanha ao lado de lideran\u00e7as evang\u00e9licas.<\/p>\n<p>Por Reda\u00e7\u00e3o Acontece<\/p>\n<p>Foto: Reprodu\u00e7\u00e3o \/ Redes sociais<\/p>\n","protected":false},"excerpt":{"rendered":"<p>Um v\u00eddeo que mostra a primeira-dama Janja Lula da Silva afastando uma apoiadora que tentava abra\u00e7ar o presidente Luiz In\u00e1cio Lula da Silva gerou forte repercuss\u00e3o negativa nas redes sociais nesta sexta-feira. A cena ocorreu durante uma caminhada pol\u00edtica na cidade cearense de Juazeiro do Norte, enquanto o casal estava sobre a carroceria de uma [&hellip;]<\/p>\n","protected":false},"author":0,"featured_media":36402,"comment_status":"open","ping_status":"open","sticky":false,"template":"","format":"standard","meta":{"footnotes":""},"categories":[28],"tags":[],"class_list":["post-36393","post","type-post","status-publish","format-standard","has-post-thumbnail","hentry","category-mundo"],"_links":{"self":[{"href":"https:\/\/acontecenafronteira.com.br\/index.php\/wp-json\/wp\/v2\/posts\/36393","targetHints":{"allow":["GET"]}}],"collection":[{"href":"https:\/\/acontecenafronteira.com.br\/index.php\/wp-json\/wp\/v2\/posts"}],"about":[{"href":"https:\/\/acontecenafronteira.com.br\/index.php\/wp-json\/wp\/v2\/types\/post"}],"replies":[{"embeddable":true,"href":"https:\/\/acontecenafronteira.com.br\/index.php\/wp-json\/wp\/v2\/comments?post=36393"}],"version-history":[{"count":1,"href":"https:\/\/acontecenafronteira.com.br\/index.php\/wp-json\/wp\/v2\/posts\/36393\/revisions"}],"predecessor-version":[{"id":36401,"href":"https:\/\/acontecenafronteira.com.br\/index.php\/wp-json\/wp\/v2\/posts\/36393\/revisions\/36401"}],"wp:featuredmedia":[{"embeddable":true,"href":"https:\/\/acontecenafronteira.com.br\/index.php\/wp-json\/wp\/v2\/media\/36402"}],"wp:attachment":[{"href":"https:\/\/acontecenafronteira.com.br\/index.php\/wp-json\/wp\/v2\/media?parent=36393"}],"wp:term":[{"taxonomy":"category","embeddable":true,"href":"https:\/\/acontecenafronteira.com.br\/index.php\/wp-json\/wp\/v2\/categories?post=36393"},{"taxonomy":"post_tag","embeddable":true,"href":"https:\/\/acontecenafronteira.com.br\/index.php\/wp-json\/wp\/v2\/tags?post=36393"}],"curies":[{"name":"wp","href":"https:\/\/api.w.org\/{rel}","templated":true}]}}