{"id":36390,"date":"2026-09-05T23:35:53","date_gmt":"2026-09-06T02:35:53","guid":{"rendered":"https:\/\/acontecenafronteira.com.br\/?p=36390"},"modified":"2026-09-05T23:35:53","modified_gmt":"2026-09-06T02:35:53","slug":"fluminense-vence-o-vasco-e-mexe-com-o-g4-do-brasileirao","status":"publish","type":"post","link":"https:\/\/acontecenafronteira.com.br\/index.php\/2026\/09\/05\/fluminense-vence-o-vasco-e-mexe-com-o-g4-do-brasileirao\/","title":{"rendered":"Fluminense vence o Vasco e mexe com o G4 do Brasileir\u00e3o"},"content":{"rendered":"<p>O <strong>Fluminense<\/strong> levou a melhor no cl\u00e1ssico carioca contra o <strong>Vasco<\/strong>, vencendo por 1 a 0 no Maracan\u00e3, em partida v\u00e1lida pela 26\u00aa rodada do <strong>Campeonato Brasileiro<\/strong>. O resultado teve sabor de revanche para os tricolores, exatamente um m\u00eas ap\u00f3s a elimina\u00e7\u00e3o sofrida para o rival na Copa do Brasil.<\/p>\n<h2>Impacto na tabela e briga pelo G4<\/h2>\n<p>Com os tr\u00eas pontos conquistados em solo carioca, o Fluminense saltou da sexta para a quarta posi\u00e7\u00e3o, alcan\u00e7ando a mesma pontua\u00e7\u00e3o do <strong>Athletico<\/strong>, que soma 45 pontos, mas ficando atr\u00e1s no crit\u00e9rio de desempate por n\u00famero de vit\u00f3rias. Do outro lado, o Vasco segue em situa\u00e7\u00e3o delicada na tabela, ocupando a 17\u00aa coloca\u00e7\u00e3o com 25 pontos somados.<\/p>\n<h2>Como foi a press\u00e3o inicial do Vasco<\/h2>\n<p>A etapa inicial foi marcada por muita intensidade e forte marca\u00e7\u00e3o alta imposta pelo time cruz-maltino, que dificultou a sa\u00edda de bola tricolor. Explorando o lado direito com investidas de Paulo Henrique, a equipe visitante criou boas oportunidades, mas pecou nas finaliza\u00e7\u00f5es e n\u00e3o conseguiu abrir o placar diante de um Maracan\u00e3 castigado pela chuva.<\/p>\n<p>O cen\u00e1rio f\u00edsico exigiu interven\u00e7\u00f5es r\u00e1pidas da comiss\u00e3o t\u00e9cnica tricolor para conter o \u00edmpeto rival, equilibrando as a\u00e7\u00f5es defensivas e esfriando a press\u00e3o que dominou os primeiros minutos do cl\u00e1ssico.<\/p>\n<h2>Cart\u00f5es, confus\u00f5es e o gol da vit\u00f3ria<\/h2>\n<p>O clima quente gerou diversos cart\u00f5es amarelos distribu\u00eddos pela arbitragem ainda no primeiro tempo, al\u00e9m de princ\u00edpios de confus\u00e3o generalizada entre atletas e comiss\u00f5es t\u00e9cnicas \u00e0 beira do gramado.<\/p>\n<p>No segundo tempo, a altera\u00e7\u00e3o promovida pelo Fluminense surtiu efeito imediato. Ap\u00f3s jogada individual pela esquerda, a bola chegou redonda para Lucho Acosta, que havia entrado no lugar de Ganso. O jogador completou para o fundo das redes de L\u00e9o Jardim, garantindo o tento solit\u00e1rio que definiu o placar da partida.<\/p>\n<p>As tentativas de rea\u00e7\u00e3o do Vasco nos minutos finais pararam na s\u00f3lida defesa tricolor e em finaliza\u00e7\u00f5es sem perigo, permitindo que os mandantes administrassem a vantagem at\u00e9 o apito final.<\/p>\n<p>Por Reda\u00e7\u00e3o Acontece<\/p>\n<p>Foto: Divulga\u00e7\u00e3o\/Fluminense FC<\/p>\n","protected":false},"excerpt":{"rendered":"<p>O Fluminense levou a melhor no cl\u00e1ssico carioca contra o Vasco, vencendo por 1 a 0 no Maracan\u00e3, em partida v\u00e1lida pela 26\u00aa rodada do Campeonato Brasileiro. O resultado teve sabor de revanche para os tricolores, exatamente um m\u00eas ap\u00f3s a elimina\u00e7\u00e3o sofrida para o rival na Copa do Brasil. Impacto na tabela e briga [&hellip;]<\/p>\n","protected":false},"author":0,"featured_media":36396,"comment_status":"open","ping_status":"open","sticky":false,"template":"","format":"standard","meta":{"footnotes":""},"categories":[28],"tags":[],"class_list":["post-36390","post","type-post","status-publish","format-standard","has-post-thumbnail","hentry","category-mundo"],"_links":{"self":[{"href":"https:\/\/acontecenafronteira.com.br\/index.php\/wp-json\/wp\/v2\/posts\/36390","targetHints":{"allow":["GET"]}}],"collection":[{"href":"https:\/\/acontecenafronteira.com.br\/index.php\/wp-json\/wp\/v2\/posts"}],"about":[{"href":"https:\/\/acontecenafronteira.com.br\/index.php\/wp-json\/wp\/v2\/types\/post"}],"replies":[{"embeddable":true,"href":"https:\/\/acontecenafronteira.com.br\/index.php\/wp-json\/wp\/v2\/comments?post=36390"}],"version-history":[{"count":1,"href":"https:\/\/acontecenafronteira.com.br\/index.php\/wp-json\/wp\/v2\/posts\/36390\/revisions"}],"predecessor-version":[{"id":36395,"href":"https:\/\/acontecenafronteira.com.br\/index.php\/wp-json\/wp\/v2\/posts\/36390\/revisions\/36395"}],"wp:featuredmedia":[{"embeddable":true,"href":"https:\/\/acontecenafronteira.com.br\/index.php\/wp-json\/wp\/v2\/media\/36396"}],"wp:attachment":[{"href":"https:\/\/acontecenafronteira.com.br\/index.php\/wp-json\/wp\/v2\/media?parent=36390"}],"wp:term":[{"taxonomy":"category","embeddable":true,"href":"https:\/\/acontecenafronteira.com.br\/index.php\/wp-json\/wp\/v2\/categories?post=36390"},{"taxonomy":"post_tag","embeddable":true,"href":"https:\/\/acontecenafronteira.com.br\/index.php\/wp-json\/wp\/v2\/tags?post=36390"}],"curies":[{"name":"wp","href":"https:\/\/api.w.org\/{rel}","templated":true}]}}