{"id":36379,"date":"2026-09-05T22:37:38","date_gmt":"2026-09-06T01:37:38","guid":{"rendered":"https:\/\/acontecenafronteira.com.br\/?p=36379"},"modified":"2026-09-05T22:37:38","modified_gmt":"2026-09-06T01:37:38","slug":"isabeli-fontana-revela-sufoco-de-di-ferrero-antes-do-rock-in-rio","status":"publish","type":"post","link":"https:\/\/acontecenafronteira.com.br\/index.php\/2026\/09\/05\/isabeli-fontana-revela-sufoco-de-di-ferrero-antes-do-rock-in-rio\/","title":{"rendered":"Isabeli Fontana revela sufoco de Di Ferrero antes do Rock in Rio"},"content":{"rendered":"<p>Isabeli Fontana revela sufoco de Di Ferrero antes do Rock in Rio Descubra como Isabeli Fontana salvou o show de Di Ferrero no Rock in Rio ap\u00f3s o cantor enfrentar um problema s\u00e9rio na voz antes da apresenta\u00e7\u00e3o. Pouco antes de subir ao palco do festival Rock in Rio, o cantor Di Ferrero passou por momentos de tens\u00e3o ap\u00f3s sofrer um problema inesperado com as cordas vocais, conforme revelou sua esposa, a modelo Isabeli Fontana. <\/p>\n<h2>O drama da voz seca<\/h2>\n<p> A instabilidade clim\u00e1tica foi a principal vil\u00e3 da prepara\u00e7\u00e3o do artista, provocando um ressecamento extremo que quase comprometeu sua performance musical no evento de grande porte. Segundo relatos da modelo nos bastidores do festival, a varia\u00e7\u00e3o brusca entre calor e frio afetou diretamente a hidrata\u00e7\u00e3o vocal do m\u00fasico, gerando forte apreens\u00e3o na v\u00e9spera do show. <\/p>\n<h2>A interven\u00e7\u00e3o m\u00e9dica salvadora<\/h2>\n<p> Para contornar a situa\u00e7\u00e3o cr\u00edtica, Isabeli precisou acionar sua rede de contatos profissionais e recorreu a um amigo m\u00e9dico tarde da noite para garantir o tratamento adequado. A receita providenciada de \u00faltima hora devolveu a seguran\u00e7a necess\u00e1ria ao artista, que conseguiu entregar um desempenho impec\u00e1vel e sem falhas no dia seguinte. Apesar do forte calor registrado no local, o m\u00fasico manteve a rigidez com o figurino planejado, utilizando uma jaqueta chamativa para garantir o impacto visual exigido pela ocasi\u00e3o. &#8220;Por Reda\u00e7\u00e3o Acontece&#8221; Cr\u00e9dito da imagem: Reprodu\u00e7\u00e3o \/ Instagram<\/p>\n","protected":false},"excerpt":{"rendered":"<p>Isabeli Fontana revela sufoco de Di Ferrero antes do Rock in Rio Descubra como Isabeli Fontana salvou o show de Di Ferrero no Rock in Rio ap\u00f3s o cantor enfrentar um problema s\u00e9rio na voz antes da apresenta\u00e7\u00e3o. Pouco antes de subir ao palco do festival Rock in Rio, o cantor Di Ferrero passou por [&hellip;]<\/p>\n","protected":false},"author":0,"featured_media":36389,"comment_status":"open","ping_status":"open","sticky":false,"template":"","format":"standard","meta":{"footnotes":""},"categories":[6],"tags":[],"class_list":["post-36379","post","type-post","status-publish","format-standard","has-post-thumbnail","hentry","category-mercosul"],"_links":{"self":[{"href":"https:\/\/acontecenafronteira.com.br\/index.php\/wp-json\/wp\/v2\/posts\/36379","targetHints":{"allow":["GET"]}}],"collection":[{"href":"https:\/\/acontecenafronteira.com.br\/index.php\/wp-json\/wp\/v2\/posts"}],"about":[{"href":"https:\/\/acontecenafronteira.com.br\/index.php\/wp-json\/wp\/v2\/types\/post"}],"replies":[{"embeddable":true,"href":"https:\/\/acontecenafronteira.com.br\/index.php\/wp-json\/wp\/v2\/comments?post=36379"}],"version-history":[{"count":1,"href":"https:\/\/acontecenafronteira.com.br\/index.php\/wp-json\/wp\/v2\/posts\/36379\/revisions"}],"predecessor-version":[{"id":36388,"href":"https:\/\/acontecenafronteira.com.br\/index.php\/wp-json\/wp\/v2\/posts\/36379\/revisions\/36388"}],"wp:featuredmedia":[{"embeddable":true,"href":"https:\/\/acontecenafronteira.com.br\/index.php\/wp-json\/wp\/v2\/media\/36389"}],"wp:attachment":[{"href":"https:\/\/acontecenafronteira.com.br\/index.php\/wp-json\/wp\/v2\/media?parent=36379"}],"wp:term":[{"taxonomy":"category","embeddable":true,"href":"https:\/\/acontecenafronteira.com.br\/index.php\/wp-json\/wp\/v2\/categories?post=36379"},{"taxonomy":"post_tag","embeddable":true,"href":"https:\/\/acontecenafronteira.com.br\/index.php\/wp-json\/wp\/v2\/tags?post=36379"}],"curies":[{"name":"wp","href":"https:\/\/api.w.org\/{rel}","templated":true}]}}