{"id":36378,"date":"2026-09-05T22:37:34","date_gmt":"2026-09-06T01:37:34","guid":{"rendered":"https:\/\/acontecenafronteira.com.br\/?p=36378"},"modified":"2026-09-05T22:37:34","modified_gmt":"2026-09-06T01:37:34","slug":"tragedia-no-litoral-jovem-de-foz-morre-afogado-em-viagem","status":"publish","type":"post","link":"https:\/\/acontecenafronteira.com.br\/index.php\/2026\/09\/05\/tragedia-no-litoral-jovem-de-foz-morre-afogado-em-viagem\/","title":{"rendered":"Trag\u00e9dia no litoral: Jovem de Foz morre afogado em viagem"},"content":{"rendered":"<p>Um jovem de 17 anos, morador de Foz do Igua\u00e7u (PR), morreu afogado na tarde da \u00faltima sexta-feira (4\/9) na Praia do Forte, situada em Cabo Frio, no estado do Rio de Janeiro.<\/p>\n<h2>O sonho de conhecer o mar<\/h2>\n<p>A v\u00edtima foi identificada como Kerlon Leandro de Oliveira, que estava visitando o litoral fluminense pela primeira vez. Conforme relatos de familiares, a viagem representava a realiza\u00e7\u00e3o do grande sonho do adolescente de conhecer a praia.<\/p>\n<h2>Resgate e atendimento m\u00e9dico<\/h2>\n<p>Durante o incidente, o rapaz estava acompanhado por um amigo, que tamb\u00e9m acabou sendo puxado pela correnteza, mas conseguiu sobreviver. O Corpo de Bombeiros atuou rapidamente no resgate e realizou manobras de reanima\u00e7\u00e3o cardiopulmonar ainda na faixa de areia.<\/p>\n<p>O adolescente foi socorrido e encaminhado com vida para um hospital da regi\u00e3o, por\u00e9m sofreu uma parada cardiorrespirat\u00f3ria e n\u00e3o resistiu aos ferimentos. O corpo foi levado ao Instituto M\u00e9dico Legal (IML) do munic\u00edpio.<\/p>\n<h2>Campanha de solidariedade<\/h2>\n<p>O tr\u00e1gico acontecimento gerou forte como\u00e7\u00e3o entre amigos e moradores. Diante da situa\u00e7\u00e3o, familiares iniciaram uma campanha nas redes sociais para arrecadar fundos e custear o traslado do corpo de volta ao Paran\u00e1.<\/p>\n<p>Por Reda\u00e7\u00e3o Acontece Arquivo pessoal<\/p>\n","protected":false},"excerpt":{"rendered":"<p>Um jovem de 17 anos, morador de Foz do Igua\u00e7u (PR), morreu afogado na tarde da \u00faltima sexta-feira (4\/9) na Praia do Forte, situada em Cabo Frio, no estado do Rio de Janeiro. O sonho de conhecer o mar A v\u00edtima foi identificada como Kerlon Leandro de Oliveira, que estava visitando o litoral fluminense pela [&hellip;]<\/p>\n","protected":false},"author":0,"featured_media":36387,"comment_status":"open","ping_status":"open","sticky":false,"template":"","format":"standard","meta":{"footnotes":""},"categories":[6],"tags":[],"class_list":["post-36378","post","type-post","status-publish","format-standard","has-post-thumbnail","hentry","category-mercosul"],"_links":{"self":[{"href":"https:\/\/acontecenafronteira.com.br\/index.php\/wp-json\/wp\/v2\/posts\/36378","targetHints":{"allow":["GET"]}}],"collection":[{"href":"https:\/\/acontecenafronteira.com.br\/index.php\/wp-json\/wp\/v2\/posts"}],"about":[{"href":"https:\/\/acontecenafronteira.com.br\/index.php\/wp-json\/wp\/v2\/types\/post"}],"replies":[{"embeddable":true,"href":"https:\/\/acontecenafronteira.com.br\/index.php\/wp-json\/wp\/v2\/comments?post=36378"}],"version-history":[{"count":1,"href":"https:\/\/acontecenafronteira.com.br\/index.php\/wp-json\/wp\/v2\/posts\/36378\/revisions"}],"predecessor-version":[{"id":36386,"href":"https:\/\/acontecenafronteira.com.br\/index.php\/wp-json\/wp\/v2\/posts\/36378\/revisions\/36386"}],"wp:featuredmedia":[{"embeddable":true,"href":"https:\/\/acontecenafronteira.com.br\/index.php\/wp-json\/wp\/v2\/media\/36387"}],"wp:attachment":[{"href":"https:\/\/acontecenafronteira.com.br\/index.php\/wp-json\/wp\/v2\/media?parent=36378"}],"wp:term":[{"taxonomy":"category","embeddable":true,"href":"https:\/\/acontecenafronteira.com.br\/index.php\/wp-json\/wp\/v2\/categories?post=36378"},{"taxonomy":"post_tag","embeddable":true,"href":"https:\/\/acontecenafronteira.com.br\/index.php\/wp-json\/wp\/v2\/tags?post=36378"}],"curies":[{"name":"wp","href":"https:\/\/api.w.org\/{rel}","templated":true}]}}