{"id":36376,"date":"2026-09-05T22:37:27","date_gmt":"2026-09-06T01:37:27","guid":{"rendered":"https:\/\/acontecenafronteira.com.br\/?p=36376"},"modified":"2026-09-05T22:37:27","modified_gmt":"2026-09-06T01:37:27","slug":"arvore-cai-sobre-veiculo-em-foz-do-iguacu-e-bloqueia-rua","status":"publish","type":"post","link":"https:\/\/acontecenafronteira.com.br\/index.php\/2026\/09\/05\/arvore-cai-sobre-veiculo-em-foz-do-iguacu-e-bloqueia-rua\/","title":{"rendered":"\u00c1rvore cai sobre ve\u00edculo em Foz do Igua\u00e7u e bloqueia rua"},"content":{"rendered":"<p>Uma \u00e1rvore de grande porte desabou sobre um autom\u00f3vel em Foz do Igua\u00e7u neste s\u00e1bado (5\/9), provocando a interdi\u00e7\u00e3o completa da rua. Equipes do <strong>Corpo de Bombeiros<\/strong> foram acionadas para atender a ocorr\u00eancia, confirmando que houve apenas preju\u00edzos materiais e nenhum ferimento grave entre os envolvidos.<\/p>\n<h2>Idosa estava no interior do carro atingido<\/h2>\n<p>Testemunhas relataram que uma senhora estava sentada no ve\u00edculo no exato instante do impacto. Apesar do susto e dos danos expressivos na lataria, a mulher conseguiu sair ilimitada, sendo este o \u00fanico bem atingido pela queda da vegeta\u00e7\u00e3o.<\/p>\n<h2>Vendaval e idade da planta provocaram o acidente<\/h2>\n<p>Moradores da regi\u00e3o afirmaram que ventos fortes sopravam com intensidade no momento do incidente. Al\u00e9m disso, a \u00e1rvore j\u00e1 apresentava sinais de antiguidade e fragilidade, o que facilitou o tombamento sobre o asfalto.<\/p>\n<p>At\u00e9 o momento, o tr\u00e2nsito no local continua totalmente bloqueado para remo\u00e7\u00e3o dos galhos. Pedestres e condutores precisam redobrar a aten\u00e7\u00e3o ao passar pela \u00e1rea afetada.<\/p>\n<p>O epis\u00f3dio serve de alerta para a manuten\u00e7\u00e3o preventiva da arboriza\u00e7\u00e3o urbana na cidade, evitando novos transtornos para a popula\u00e7\u00e3o local.<\/p>\n<p>Por Reda\u00e7\u00e3o Acontece<\/p>\n<p>Cr\u00e9ditos da imagem: Divulga\u00e7\u00e3o \/ Corpo de Bombeiros<\/p>\n","protected":false},"excerpt":{"rendered":"<p>Uma \u00e1rvore de grande porte desabou sobre um autom\u00f3vel em Foz do Igua\u00e7u neste s\u00e1bado (5\/9), provocando a interdi\u00e7\u00e3o completa da rua. Equipes do Corpo de Bombeiros foram acionadas para atender a ocorr\u00eancia, confirmando que houve apenas preju\u00edzos materiais e nenhum ferimento grave entre os envolvidos. Idosa estava no interior do carro atingido Testemunhas relataram [&hellip;]<\/p>\n","protected":false},"author":0,"featured_media":36383,"comment_status":"open","ping_status":"open","sticky":false,"template":"","format":"standard","meta":{"footnotes":""},"categories":[6],"tags":[],"class_list":["post-36376","post","type-post","status-publish","format-standard","has-post-thumbnail","hentry","category-mercosul"],"_links":{"self":[{"href":"https:\/\/acontecenafronteira.com.br\/index.php\/wp-json\/wp\/v2\/posts\/36376","targetHints":{"allow":["GET"]}}],"collection":[{"href":"https:\/\/acontecenafronteira.com.br\/index.php\/wp-json\/wp\/v2\/posts"}],"about":[{"href":"https:\/\/acontecenafronteira.com.br\/index.php\/wp-json\/wp\/v2\/types\/post"}],"replies":[{"embeddable":true,"href":"https:\/\/acontecenafronteira.com.br\/index.php\/wp-json\/wp\/v2\/comments?post=36376"}],"version-history":[{"count":1,"href":"https:\/\/acontecenafronteira.com.br\/index.php\/wp-json\/wp\/v2\/posts\/36376\/revisions"}],"predecessor-version":[{"id":36382,"href":"https:\/\/acontecenafronteira.com.br\/index.php\/wp-json\/wp\/v2\/posts\/36376\/revisions\/36382"}],"wp:featuredmedia":[{"embeddable":true,"href":"https:\/\/acontecenafronteira.com.br\/index.php\/wp-json\/wp\/v2\/media\/36383"}],"wp:attachment":[{"href":"https:\/\/acontecenafronteira.com.br\/index.php\/wp-json\/wp\/v2\/media?parent=36376"}],"wp:term":[{"taxonomy":"category","embeddable":true,"href":"https:\/\/acontecenafronteira.com.br\/index.php\/wp-json\/wp\/v2\/categories?post=36376"},{"taxonomy":"post_tag","embeddable":true,"href":"https:\/\/acontecenafronteira.com.br\/index.php\/wp-json\/wp\/v2\/tags?post=36376"}],"curies":[{"name":"wp","href":"https:\/\/api.w.org\/{rel}","templated":true}]}}