{"id":36375,"date":"2026-09-05T22:37:23","date_gmt":"2026-09-06T01:37:23","guid":{"rendered":"https:\/\/acontecenafronteira.com.br\/?p=36375"},"modified":"2026-09-05T22:37:23","modified_gmt":"2026-09-06T01:37:23","slug":"nicole-bahls-esclarece-polemica-no-carnaval-e-fala-de-reality","status":"publish","type":"post","link":"https:\/\/acontecenafronteira.com.br\/index.php\/2026\/09\/05\/nicole-bahls-esclarece-polemica-no-carnaval-e-fala-de-reality\/","title":{"rendered":"Nicole Bahls esclarece pol\u00eamica no Carnaval e fala de reality"},"content":{"rendered":"<p>A apresentadora <strong>Nicole Bahls<\/strong> abriu o jogo recentemente sobre o cancelamento da homenagem que receberia da escola de samba Tradi\u00e7\u00e3o para o Carnaval de 2027. Em conversa com a imprensa durante um festival de m\u00fasica, ela garantiu que n\u00e3o houve qualquer desentendimento com a diretoria da agremia\u00e7\u00e3o.<\/p>\n<h2>O fim do projeto na avenida<\/h2>\n<p>A escola de samba da S\u00e9rie Prata havia anunciado inicialmente que levaria para a avenida um enredo baseado na hist\u00f3ria de vida da famosa. Contudo, no final de agosto, o projeto foi cancelado devido a uma incompatibilidade de agendas entre as partes envolvidas.<\/p>\n<p>A decis\u00e3o gerou especula\u00e7\u00f5es sobre um suposto clima ruim nos bastidores. A artista fez quest\u00e3o de afastar os boatos e destacou o carinho que sente pelos profissionais da institui\u00e7\u00e3o, elogiando o trabalho da dire\u00e7\u00e3o e do carnavalesco e sinalizando que uma parceria futura ainda pode acontecer.<\/p>\n<h2>Rumores sobre o BBB e novos realities<\/h2>\n<p>Al\u00e9m de comentar sobre a folia carioca, a influenciadora negou veementemente ter recebido qualquer convite para integrar o elenco do <strong>Big Brother Brasil<\/strong>, boatos que intensificaram ap\u00f3s a repercuss\u00e3o do Carnaval.<\/p>\n<p>Apesar de negar conversas atuais com a emissora, ela n\u00e3o descartou voltar a participar de um programa de confinamento no futuro, citando passagens anteriores por atra\u00e7\u00f5es como <i>A Fazenda<\/i> e <i>Power Couple Brasil<\/i>.<\/p>\n<p>Para ela, a chance de faturar um grande pr\u00eamio financeiro \u00e9 comparada a uma grande aposta de loteria, incentivando conhecidos a buscarem vagas em formatos do g\u00eanero pela experi\u00eancia \u00fanica proporcionada.<\/p>\n<p>Por Reda\u00e7\u00e3o Acontece<\/p>\n<p>Foto: Reprodu\u00e7\u00e3o \/ Instagram<\/p>\n","protected":false},"excerpt":{"rendered":"<p>A apresentadora Nicole Bahls abriu o jogo recentemente sobre o cancelamento da homenagem que receberia da escola de samba Tradi\u00e7\u00e3o para o Carnaval de 2027. Em conversa com a imprensa durante um festival de m\u00fasica, ela garantiu que n\u00e3o houve qualquer desentendimento com a diretoria da agremia\u00e7\u00e3o. O fim do projeto na avenida A escola [&hellip;]<\/p>\n","protected":false},"author":0,"featured_media":36381,"comment_status":"open","ping_status":"open","sticky":false,"template":"","format":"standard","meta":{"footnotes":""},"categories":[6],"tags":[],"class_list":["post-36375","post","type-post","status-publish","format-standard","has-post-thumbnail","hentry","category-mercosul"],"_links":{"self":[{"href":"https:\/\/acontecenafronteira.com.br\/index.php\/wp-json\/wp\/v2\/posts\/36375","targetHints":{"allow":["GET"]}}],"collection":[{"href":"https:\/\/acontecenafronteira.com.br\/index.php\/wp-json\/wp\/v2\/posts"}],"about":[{"href":"https:\/\/acontecenafronteira.com.br\/index.php\/wp-json\/wp\/v2\/types\/post"}],"replies":[{"embeddable":true,"href":"https:\/\/acontecenafronteira.com.br\/index.php\/wp-json\/wp\/v2\/comments?post=36375"}],"version-history":[{"count":1,"href":"https:\/\/acontecenafronteira.com.br\/index.php\/wp-json\/wp\/v2\/posts\/36375\/revisions"}],"predecessor-version":[{"id":36380,"href":"https:\/\/acontecenafronteira.com.br\/index.php\/wp-json\/wp\/v2\/posts\/36375\/revisions\/36380"}],"wp:featuredmedia":[{"embeddable":true,"href":"https:\/\/acontecenafronteira.com.br\/index.php\/wp-json\/wp\/v2\/media\/36381"}],"wp:attachment":[{"href":"https:\/\/acontecenafronteira.com.br\/index.php\/wp-json\/wp\/v2\/media?parent=36375"}],"wp:term":[{"taxonomy":"category","embeddable":true,"href":"https:\/\/acontecenafronteira.com.br\/index.php\/wp-json\/wp\/v2\/categories?post=36375"},{"taxonomy":"post_tag","embeddable":true,"href":"https:\/\/acontecenafronteira.com.br\/index.php\/wp-json\/wp\/v2\/tags?post=36375"}],"curies":[{"name":"wp","href":"https:\/\/api.w.org\/{rel}","templated":true}]}}