{"id":36363,"date":"2026-09-05T22:37:10","date_gmt":"2026-09-06T01:37:10","guid":{"rendered":"https:\/\/acontecenafronteira.com.br\/?p=36363"},"modified":"2026-09-05T22:37:10","modified_gmt":"2026-09-06T01:37:10","slug":"ator-sofre-ataque-homofobico-apos-curtir-o-rock-in-rio","status":"publish","type":"post","link":"https:\/\/acontecenafronteira.com.br\/index.php\/2026\/09\/05\/ator-sofre-ataque-homofobico-apos-curtir-o-rock-in-rio\/","title":{"rendered":"Ator sofre ataque homof\u00f3bico ap\u00f3s curtir o Rock in Rio"},"content":{"rendered":"<p>Pouco antes de ser v\u00edtima de uma agress\u00e3o de cunho homof\u00f3bico ao sair do Rock in Rio, na madrugada de s\u00e1bado (5), o ator Jo\u00e3o Victor Gon\u00e7alves usou as redes sociais para demonstrar toda a sua empolga\u00e7\u00e3o com o festival na Cidade do Rock, situada na Barra da Tijuca, Zona Sudoeste do Rio de Janeiro. Conhecido por interpretar o personagem Mau Mau na produ\u00e7\u00e3o \u201cQuem ama auida\u201d, o artista exibiu o figurino escolhido para aproveitar a sua estreia no evento musical.<\/p>\n<h2>Expectativa e alegria antes do festival<\/h2>\n<p>Em suas publica\u00e7\u00f5es na internet, o jovem destacou a ansiedade para curtir a programa\u00e7\u00e3o. &#8220;Primeiro dia de Rock in Rio. Bora viver essa experi\u00eancia pela primeira vez&#8221;, escreveu ele, contagiado pela energia festiva que tomava conta do Parque Ol\u00edmpico.<\/p>\n<h2>Agress\u00e3o verbal na sa\u00edda<\/h2>\n<p>No entanto, a atmosfera de celebra\u00e7\u00e3o que marcou a sua passagem pelo evento deu lugar \u00e0 hostilidade logo ap\u00f3s a sua sa\u00edda. Enquanto caminhava pelas ruas da regi\u00e3o, o ator passou a ser perseguido por um grupo de rapazes, tornando-se alvo direto de ofensas e provoca\u00e7\u00f5es preconceituosas.<\/p>\n<h2>Transmiss\u00e3o ao vivo e repercuss\u00e3o<\/h2>\n<p>Toda a din\u00e2mica da persegui\u00e7\u00e3o acabou sendo registrada ao vivo por um influenciador digital conhecido como GH, fazendo com que o epis\u00f3dio se espalhasse rapidamente e provocasse forte indigna\u00e7\u00e3o entre os internautas. Mantendo a postura, o artista ignorou as investidas e seguiu o seu caminho sem revidar as agress\u00f5es verbais.<\/p>\n<h2>Pronunciamento emocionado do artista<\/h2>\n<p>Mais tarde, visivelmente abalado, o ator gravou um v\u00eddeo para expressar gratid\u00e3o pelas in\u00fameras demonstra\u00e7\u00f5es de solidariedade que recebeu ap\u00f3s a repercuss\u00e3o do caso. Na ocasi\u00e3o, ele fez um paralelo entre a sua viv\u00eancia e a trajet\u00f3ria de seu personagem na fic\u00e7\u00e3o. &#8220;Realmente isso \u00e9 o retrato de tudo que a gente mostra. O Mau Mau \u00e9 um personagem forte, valente, que encara essa homofobia estrutural, que vive dentro de casa, de uma forma muito corajosa. Ele engole e segue. Talvez tenha sido isso que eu fiz hoje. Eu engoli e segui&#8221;, desabafou.<\/p>\n<p>Por fim, o artista refor\u00e7ou a import\u00e2ncia da resist\u00eancia e lembrou que a impunidade n\u00e3o deve prevalecer. &#8220;N\u00f3s somos muito mais fortes que qualquer coisa. Impunes n\u00e3o v\u00e3o ficar. Homofobia \u00e9 crime&#8221;, concluiu.<\/p>\n<p>Por Reda\u00e7\u00e3o Acontece<\/p>\n<p>Foto: Reprodu\u00e7\u00e3o \/ Redes Sociais<\/p>\n","protected":false},"excerpt":{"rendered":"<p>Pouco antes de ser v\u00edtima de uma agress\u00e3o de cunho homof\u00f3bico ao sair do Rock in Rio, na madrugada de s\u00e1bado (5), o ator Jo\u00e3o Victor Gon\u00e7alves usou as redes sociais para demonstrar toda a sua empolga\u00e7\u00e3o com o festival na Cidade do Rock, situada na Barra da Tijuca, Zona Sudoeste do Rio de Janeiro. [&hellip;]<\/p>\n","protected":false},"author":0,"featured_media":36372,"comment_status":"open","ping_status":"open","sticky":false,"template":"","format":"standard","meta":{"footnotes":""},"categories":[28],"tags":[],"class_list":["post-36363","post","type-post","status-publish","format-standard","has-post-thumbnail","hentry","category-mundo"],"_links":{"self":[{"href":"https:\/\/acontecenafronteira.com.br\/index.php\/wp-json\/wp\/v2\/posts\/36363","targetHints":{"allow":["GET"]}}],"collection":[{"href":"https:\/\/acontecenafronteira.com.br\/index.php\/wp-json\/wp\/v2\/posts"}],"about":[{"href":"https:\/\/acontecenafronteira.com.br\/index.php\/wp-json\/wp\/v2\/types\/post"}],"replies":[{"embeddable":true,"href":"https:\/\/acontecenafronteira.com.br\/index.php\/wp-json\/wp\/v2\/comments?post=36363"}],"version-history":[{"count":1,"href":"https:\/\/acontecenafronteira.com.br\/index.php\/wp-json\/wp\/v2\/posts\/36363\/revisions"}],"predecessor-version":[{"id":36371,"href":"https:\/\/acontecenafronteira.com.br\/index.php\/wp-json\/wp\/v2\/posts\/36363\/revisions\/36371"}],"wp:featuredmedia":[{"embeddable":true,"href":"https:\/\/acontecenafronteira.com.br\/index.php\/wp-json\/wp\/v2\/media\/36372"}],"wp:attachment":[{"href":"https:\/\/acontecenafronteira.com.br\/index.php\/wp-json\/wp\/v2\/media?parent=36363"}],"wp:term":[{"taxonomy":"category","embeddable":true,"href":"https:\/\/acontecenafronteira.com.br\/index.php\/wp-json\/wp\/v2\/categories?post=36363"},{"taxonomy":"post_tag","embeddable":true,"href":"https:\/\/acontecenafronteira.com.br\/index.php\/wp-json\/wp\/v2\/tags?post=36363"}],"curies":[{"name":"wp","href":"https:\/\/api.w.org\/{rel}","templated":true}]}}