{"id":36355,"date":"2026-09-05T22:36:25","date_gmt":"2026-09-06T01:36:25","guid":{"rendered":"https:\/\/acontecenafronteira.com.br\/?p=36355"},"modified":"2026-09-05T22:36:25","modified_gmt":"2026-09-06T01:36:25","slug":"parreira-tem-alta-hospitalar-no-pr-entenda-a-noticia","status":"publish","type":"post","link":"https:\/\/acontecenafronteira.com.br\/index.php\/2026\/09\/05\/parreira-tem-alta-hospitalar-no-pr-entenda-a-noticia\/","title":{"rendered":"Parreira tem alta hospitalar no PR? Entenda a not\u00edcia"},"content":{"rendered":"<p>A equipe m\u00e9dica respons\u00e1vel pelo tratamento de Carlos Alberto Parreira autorizou a sa\u00edda do hospital na manh\u00e3 deste s\u00e1bado (5), ap\u00f3s um longo per\u00edodo de interna\u00e7\u00e3o em uma unidade de sa\u00fade localizada na zona sudoeste do Rio de Janeiro.<\/p>\n<h2>Detalhes do tratamento m\u00e9dico<\/h2>\n<p>O ex-t\u00e9cnico da sele\u00e7\u00e3o brasileira estava com 83 anos de idade e permaneceu sob cuidados hospitalares intensivos no Hospital Samaritano Barra por um total de 80 dias para tratar de complica\u00e7\u00f5es de sa\u00fade.<\/p>\n<h2>Contexto e repercuss\u00e3o<\/h2>\n<p>A recupera\u00e7\u00e3o do tetracampe\u00e3o mundial pela sele\u00e7\u00e3o brasileira gerou grande repercuss\u00e3o entre torcedores e profissionais do esporte em todo o pa\u00eds, que acompanharam de perto a evolu\u00e7\u00e3o do quadro cl\u00ednico ao longo das semanas.<\/p>\n<p>Com a libera\u00e7\u00e3o m\u00e9dica definitiva, o renomado treinador p\u00f4de retornar aos cuidados de seus familiares para dar continuidade ao processo de recupera\u00e7\u00e3o em ambiente domiciliar.<\/p>\n<p>Por Reda\u00e7\u00e3o Acontece<\/p>\n<p>Cr\u00e9ditos da imagem: Divulga\u00e7\u00e3o \/ Hospital Samaritano<\/p>\n","protected":false},"excerpt":{"rendered":"<p>A equipe m\u00e9dica respons\u00e1vel pelo tratamento de Carlos Alberto Parreira autorizou a sa\u00edda do hospital na manh\u00e3 deste s\u00e1bado (5), ap\u00f3s um longo per\u00edodo de interna\u00e7\u00e3o em uma unidade de sa\u00fade localizada na zona sudoeste do Rio de Janeiro. Detalhes do tratamento m\u00e9dico O ex-t\u00e9cnico da sele\u00e7\u00e3o brasileira estava com 83 anos de idade e [&hellip;]<\/p>\n","protected":false},"author":0,"featured_media":36359,"comment_status":"open","ping_status":"open","sticky":false,"template":"","format":"standard","meta":{"footnotes":""},"categories":[18],"tags":[],"class_list":["post-36355","post","type-post","status-publish","format-standard","has-post-thumbnail","hentry","category-parana"],"_links":{"self":[{"href":"https:\/\/acontecenafronteira.com.br\/index.php\/wp-json\/wp\/v2\/posts\/36355","targetHints":{"allow":["GET"]}}],"collection":[{"href":"https:\/\/acontecenafronteira.com.br\/index.php\/wp-json\/wp\/v2\/posts"}],"about":[{"href":"https:\/\/acontecenafronteira.com.br\/index.php\/wp-json\/wp\/v2\/types\/post"}],"replies":[{"embeddable":true,"href":"https:\/\/acontecenafronteira.com.br\/index.php\/wp-json\/wp\/v2\/comments?post=36355"}],"version-history":[{"count":1,"href":"https:\/\/acontecenafronteira.com.br\/index.php\/wp-json\/wp\/v2\/posts\/36355\/revisions"}],"predecessor-version":[{"id":36358,"href":"https:\/\/acontecenafronteira.com.br\/index.php\/wp-json\/wp\/v2\/posts\/36355\/revisions\/36358"}],"wp:featuredmedia":[{"embeddable":true,"href":"https:\/\/acontecenafronteira.com.br\/index.php\/wp-json\/wp\/v2\/media\/36359"}],"wp:attachment":[{"href":"https:\/\/acontecenafronteira.com.br\/index.php\/wp-json\/wp\/v2\/media?parent=36355"}],"wp:term":[{"taxonomy":"category","embeddable":true,"href":"https:\/\/acontecenafronteira.com.br\/index.php\/wp-json\/wp\/v2\/categories?post=36355"},{"taxonomy":"post_tag","embeddable":true,"href":"https:\/\/acontecenafronteira.com.br\/index.php\/wp-json\/wp\/v2\/tags?post=36355"}],"curies":[{"name":"wp","href":"https:\/\/api.w.org\/{rel}","templated":true}]}}