{"id":36354,"date":"2026-09-05T22:36:22","date_gmt":"2026-09-06T01:36:22","guid":{"rendered":"https:\/\/acontecenafronteira.com.br\/?p=36354"},"modified":"2026-09-05T22:36:22","modified_gmt":"2026-09-06T01:36:22","slug":"desacordo-comercial-acaba-em-agressao-em-cascavel","status":"publish","type":"post","link":"https:\/\/acontecenafronteira.com.br\/index.php\/2026\/09\/05\/desacordo-comercial-acaba-em-agressao-em-cascavel\/","title":{"rendered":"Desacordo comercial acaba em agress\u00e3o em Cascavel"},"content":{"rendered":"<p>Uma negocia\u00e7\u00e3o comercial malsucedida entre uma fam\u00edlia de venezuelanos e um comerciante de vestu\u00e1rio resultou em viol\u00eancia f\u00edsica na tarde do \u00faltimo s\u00e1bado (5), na Rua Costa do Sau\u00edpe, localizada no bairro Riviera, na cidade paranaense de Cascavel.<\/p>\n<h2>O in\u00edcio da discuss\u00e3o no bairro Riviera<\/h2>\n<p>O incidente teve in\u00edcio quando ocorreram diverg\u00eancias durante uma transa\u00e7\u00e3o de compra e venda de roupas. O desentendimento verbal entre o vendedor e os moradores estrangeiros rapidamente escalou para vias de fato, chamando a aten\u00e7\u00e3o de quem passava pela regi\u00e3o.<\/p>\n<h2>Atendimento e consequ\u00eancias da ocorr\u00eancia<\/h2>\n<p>Equipes de seguran\u00e7a e socorro foram acionadas para controlar a situa\u00e7\u00e3o e prestar os atendimentos necess\u00e1rios aos envolvidos que sofreram ferimentos leves durante o confronto na via p\u00fablica.<\/p>\n<p>Casos de conflitos interpessoais que chegam \u00e0 agress\u00e3o f\u00edsica exigem o registro oficial junto \u00e0s autoridades policiais para que os devidos procedimentos legais sejam instaurados contra os respons\u00e1veis pelos atos de viol\u00eancia.<\/p>\n<p>A Pol\u00edcia Militar refor\u00e7a que desentendimentos comerciais devem ser resolvidos por meio dos canais legais de media\u00e7\u00e3o, evitando qualquer tipo de confronto f\u00edsico que coloque em risco a integridade dos envolvidos.<\/p>\n<p>Por Reda\u00e7\u00e3o Acontece<\/p>\n<p>Cr\u00e9ditos da imagem: Divulga\u00e7\u00e3o\/Ilustrativa<\/p>\n","protected":false},"excerpt":{"rendered":"<p>Uma negocia\u00e7\u00e3o comercial malsucedida entre uma fam\u00edlia de venezuelanos e um comerciante de vestu\u00e1rio resultou em viol\u00eancia f\u00edsica na tarde do \u00faltimo s\u00e1bado (5), na Rua Costa do Sau\u00edpe, localizada no bairro Riviera, na cidade paranaense de Cascavel. O in\u00edcio da discuss\u00e3o no bairro Riviera O incidente teve in\u00edcio quando ocorreram diverg\u00eancias durante uma transa\u00e7\u00e3o [&hellip;]<\/p>\n","protected":false},"author":0,"featured_media":36357,"comment_status":"open","ping_status":"open","sticky":false,"template":"","format":"standard","meta":{"footnotes":""},"categories":[18],"tags":[],"class_list":["post-36354","post","type-post","status-publish","format-standard","has-post-thumbnail","hentry","category-parana"],"_links":{"self":[{"href":"https:\/\/acontecenafronteira.com.br\/index.php\/wp-json\/wp\/v2\/posts\/36354","targetHints":{"allow":["GET"]}}],"collection":[{"href":"https:\/\/acontecenafronteira.com.br\/index.php\/wp-json\/wp\/v2\/posts"}],"about":[{"href":"https:\/\/acontecenafronteira.com.br\/index.php\/wp-json\/wp\/v2\/types\/post"}],"replies":[{"embeddable":true,"href":"https:\/\/acontecenafronteira.com.br\/index.php\/wp-json\/wp\/v2\/comments?post=36354"}],"version-history":[{"count":1,"href":"https:\/\/acontecenafronteira.com.br\/index.php\/wp-json\/wp\/v2\/posts\/36354\/revisions"}],"predecessor-version":[{"id":36356,"href":"https:\/\/acontecenafronteira.com.br\/index.php\/wp-json\/wp\/v2\/posts\/36354\/revisions\/36356"}],"wp:featuredmedia":[{"embeddable":true,"href":"https:\/\/acontecenafronteira.com.br\/index.php\/wp-json\/wp\/v2\/media\/36357"}],"wp:attachment":[{"href":"https:\/\/acontecenafronteira.com.br\/index.php\/wp-json\/wp\/v2\/media?parent=36354"}],"wp:term":[{"taxonomy":"category","embeddable":true,"href":"https:\/\/acontecenafronteira.com.br\/index.php\/wp-json\/wp\/v2\/categories?post=36354"},{"taxonomy":"post_tag","embeddable":true,"href":"https:\/\/acontecenafronteira.com.br\/index.php\/wp-json\/wp\/v2\/tags?post=36354"}],"curies":[{"name":"wp","href":"https:\/\/api.w.org\/{rel}","templated":true}]}}