{"id":36351,"date":"2026-09-05T22:36:17","date_gmt":"2026-09-06T01:36:17","guid":{"rendered":"https:\/\/acontecenafronteira.com.br\/?p=36351"},"modified":"2026-09-05T22:36:17","modified_gmt":"2026-09-06T01:36:17","slug":"motorista-bebado-destroi-loja-infantil-e-foge-no-parana","status":"publish","type":"post","link":"https:\/\/acontecenafronteira.com.br\/index.php\/2026\/09\/05\/motorista-bebado-destroi-loja-infantil-e-foge-no-parana\/","title":{"rendered":"Motorista b\u00eabado destr\u00f3i loja infantil e foge no Paran\u00e1"},"content":{"rendered":"<p>Um motorista visivelmente embriagado provocou momentos de p\u00e2nico ao invadir com um autom\u00f3vel uma loja de roupas e artigos infantis localizada na regi\u00e3o central de Pato Branco, cidade situada no Sudoeste do Paran\u00e1.<\/p>\n<h2>Flagrante em v\u00eddeo e fuga a p\u00e9<\/h2>\n<p>\nO incidente ocorreu na noite de sexta-feira (4) e foi integralmente capturado por c\u00e2meras de seguran\u00e7a. Nas imagens, \u00e9 poss\u00edvel ver o momento exato em que o ve\u00edculo desgovernado atinge em cheio a vitrine, destruindo completamente a fachada do com\u00e9rcio. Logo ap\u00f3s a forte colis\u00e3o, o condutor desembarcou com evidentes dificuldades de locomo\u00e7\u00e3o e tentou escapar correndo a p\u00e9, contudo, acabou localizado e detido pelas autoridades policiais instantes depois.<\/p>\n<h2>Sinais evidentes de embriaguez<\/h2>\n<p>\nDe acordo com os registros da Pol\u00edcia Militar, o homem apresentava um ferimento na face decorrente do impacto e, por essa raz\u00e3o, ficou impossibilitado de soprar o baf\u00f4metro. Apesar disso, os agentes constataram m\u00faltiplos ind\u00edcios claros de consumo excessivo de \u00e1lcool, tais como h\u00e1lito et\u00edlico, fala desconexa e comportamento extremamente agitado. Durante a vistoria no interior do autom\u00f3vel, os policiais localizaram uma lata de cerveja.<\/p>\n<h2>Atendimento m\u00e9dico e preju\u00edzos no com\u00e9rcio<\/h2>\n<p>\nDevido aos ferimentos sofridos na batida, o suspeito foi inicialmente conduzido a uma Unidade de Pronto-Atendimento (UPA) e, na sequ\u00eancia, transferido para um hospital da mesma cidade, onde permaneceu internado sob escolta policial. At\u00e9 o momento, boletins atualizados sobre o seu estado cl\u00ednico n\u00e3o foram divulgados.<\/p>\n<p>O estabelecimento afetado \u00e9 especializado na comercializa\u00e7\u00e3o de vestu\u00e1rio e acess\u00f3rios para o p\u00fablico infantil. Em decorr\u00eancia da destrui\u00e7\u00e3o, os propriet\u00e1rios n\u00e3o conseguiram abrir as portas no s\u00e1bado (5). Tapumes de madeira precisaram ser instalados provisoriamente para tapar a abertura deixada pela fachada demolida.<\/p>\n<p>Embora o montante exato do preju\u00edzo ainda n\u00e3o tenha sido calculado pelos donos, a for\u00e7a do impacto quebrou todos os vidros frontais e danificou severamente diversos produtos que estavam expostos \u00e0 venda na loja paranaense.<\/p>\n<p>Este caso refor\u00e7a os perigos da mistura entre \u00e1lcool e dire\u00e7\u00e3o nas rodovias e vias urbanas do estado do Paran\u00e1, mobilizando for\u00e7as de seguran\u00e7a para coibir crimes de tr\u00e2nsito e proteger comerciantes locais.<\/p>\n<p>Por Reda\u00e7\u00e3o Acontece<\/p>\n<p>Reprodu\u00e7\u00e3o\/RPC<\/p>\n","protected":false},"excerpt":{"rendered":"<p>Um motorista visivelmente embriagado provocou momentos de p\u00e2nico ao invadir com um autom\u00f3vel uma loja de roupas e artigos infantis localizada na regi\u00e3o central de Pato Branco, cidade situada no Sudoeste do Paran\u00e1. Flagrante em v\u00eddeo e fuga a p\u00e9 O incidente ocorreu na noite de sexta-feira (4) e foi integralmente capturado por c\u00e2meras de [&hellip;]<\/p>\n","protected":false},"author":0,"featured_media":36353,"comment_status":"open","ping_status":"open","sticky":false,"template":"","format":"standard","meta":{"footnotes":""},"categories":[18],"tags":[],"class_list":["post-36351","post","type-post","status-publish","format-standard","has-post-thumbnail","hentry","category-parana"],"_links":{"self":[{"href":"https:\/\/acontecenafronteira.com.br\/index.php\/wp-json\/wp\/v2\/posts\/36351","targetHints":{"allow":["GET"]}}],"collection":[{"href":"https:\/\/acontecenafronteira.com.br\/index.php\/wp-json\/wp\/v2\/posts"}],"about":[{"href":"https:\/\/acontecenafronteira.com.br\/index.php\/wp-json\/wp\/v2\/types\/post"}],"replies":[{"embeddable":true,"href":"https:\/\/acontecenafronteira.com.br\/index.php\/wp-json\/wp\/v2\/comments?post=36351"}],"version-history":[{"count":1,"href":"https:\/\/acontecenafronteira.com.br\/index.php\/wp-json\/wp\/v2\/posts\/36351\/revisions"}],"predecessor-version":[{"id":36352,"href":"https:\/\/acontecenafronteira.com.br\/index.php\/wp-json\/wp\/v2\/posts\/36351\/revisions\/36352"}],"wp:featuredmedia":[{"embeddable":true,"href":"https:\/\/acontecenafronteira.com.br\/index.php\/wp-json\/wp\/v2\/media\/36353"}],"wp:attachment":[{"href":"https:\/\/acontecenafronteira.com.br\/index.php\/wp-json\/wp\/v2\/media?parent=36351"}],"wp:term":[{"taxonomy":"category","embeddable":true,"href":"https:\/\/acontecenafronteira.com.br\/index.php\/wp-json\/wp\/v2\/categories?post=36351"},{"taxonomy":"post_tag","embeddable":true,"href":"https:\/\/acontecenafronteira.com.br\/index.php\/wp-json\/wp\/v2\/tags?post=36351"}],"curies":[{"name":"wp","href":"https:\/\/api.w.org\/{rel}","templated":true}]}}