{"id":36339,"date":"2026-09-05T21:37:10","date_gmt":"2026-09-06T00:37:10","guid":{"rendered":"https:\/\/acontecenafronteira.com.br\/?p=36339"},"modified":"2026-09-05T21:37:10","modified_gmt":"2026-09-06T00:37:10","slug":"natalie-portman-da-a-luz-terceiro-filho-aos-45-anos","status":"publish","type":"post","link":"https:\/\/acontecenafronteira.com.br\/index.php\/2026\/09\/05\/natalie-portman-da-a-luz-terceiro-filho-aos-45-anos\/","title":{"rendered":"Natalie Portman d\u00e1 \u00e0 luz terceiro filho aos 45 anos"},"content":{"rendered":"<p>Natalie Portman d\u00e1 \u00e0 luz terceiro filho aos 45 anos A atriz Natalie Portman deu \u00e0 luz seu terceiro filho, fruto da uni\u00e3o com o produtor musical Tanguy Destable. Saiba mais detalhes da gesta\u00e7\u00e3o. A renomada atriz Natalie Portman deu \u00e0 luz seu terceiro filho, aos 45 anos de idade. O rec\u00e9m-nascido \u00e9 a primeira herdeira da artista com o produtor musical franc\u00eas Tanguy Destable, com quem atualmente \u00e9 casada. A gravidez havia sido anunciada publicamente pela estrela de Hollywood em abril deste ano. <\/p>\n<h2>A fam\u00edlia de Natalie Portman<\/h2>\n<p> A maternidade n\u00e3o \u00e9 novidade para a famosa, que j\u00e1 \u00e9 m\u00e3e de Aleph, nascido em 2011, e de Amalia, que veio ao mundo em 2017. Os dois primeiros filhos s\u00e3o frutos do casamento anterior da artista com o core\u00f3grafo Benjamin Millepied, uni\u00e3o que chegou ao fim em 2024. A chegada do novo beb\u00ea expande ainda mais a fam\u00edlia da celebridade. <\/p>\n<h2>Detalhes do nascimento<\/h2>\n<p> De acordo com informa\u00e7\u00f5es divulgadas pela revista People, o parto ocorreu em agosto deste ano. Meses antes, no final de julho, a artista havia compartilhado um registro da gravidez em suas redes sociais, exibindo a barriga avantajada e demonstrando grande expectativa com a legenda &#8220;Contando os dias para te conhecer&#8221;. Durante o per\u00edodo gestacional, a atriz refletiu sobre o que classificou como um privil\u00e9gio e um milagre ao engravidar na faixa dos 44 anos. Por ser filha de um m\u00e9dico especialista em fertilidade, ela destacou que sempre teve consci\u00eancia dos desafios que envolvem a concep\u00e7\u00e3o, resgatando a sensibilidade em rela\u00e7\u00e3o \u00e0 tem\u00e1tica. Por Reda\u00e7\u00e3o Acontece Foto: Getty Images \/ Reprodu\u00e7\u00e3o Instagram<\/p>\n","protected":false},"excerpt":{"rendered":"<p>Natalie Portman d\u00e1 \u00e0 luz terceiro filho aos 45 anos A atriz Natalie Portman deu \u00e0 luz seu terceiro filho, fruto da uni\u00e3o com o produtor musical Tanguy Destable. Saiba mais detalhes da gesta\u00e7\u00e3o. A renomada atriz Natalie Portman deu \u00e0 luz seu terceiro filho, aos 45 anos de idade. O rec\u00e9m-nascido \u00e9 a primeira [&hellip;]<\/p>\n","protected":false},"author":0,"featured_media":36348,"comment_status":"open","ping_status":"open","sticky":false,"template":"","format":"standard","meta":{"footnotes":""},"categories":[6],"tags":[],"class_list":["post-36339","post","type-post","status-publish","format-standard","has-post-thumbnail","hentry","category-mercosul"],"_links":{"self":[{"href":"https:\/\/acontecenafronteira.com.br\/index.php\/wp-json\/wp\/v2\/posts\/36339","targetHints":{"allow":["GET"]}}],"collection":[{"href":"https:\/\/acontecenafronteira.com.br\/index.php\/wp-json\/wp\/v2\/posts"}],"about":[{"href":"https:\/\/acontecenafronteira.com.br\/index.php\/wp-json\/wp\/v2\/types\/post"}],"replies":[{"embeddable":true,"href":"https:\/\/acontecenafronteira.com.br\/index.php\/wp-json\/wp\/v2\/comments?post=36339"}],"version-history":[{"count":1,"href":"https:\/\/acontecenafronteira.com.br\/index.php\/wp-json\/wp\/v2\/posts\/36339\/revisions"}],"predecessor-version":[{"id":36347,"href":"https:\/\/acontecenafronteira.com.br\/index.php\/wp-json\/wp\/v2\/posts\/36339\/revisions\/36347"}],"wp:featuredmedia":[{"embeddable":true,"href":"https:\/\/acontecenafronteira.com.br\/index.php\/wp-json\/wp\/v2\/media\/36348"}],"wp:attachment":[{"href":"https:\/\/acontecenafronteira.com.br\/index.php\/wp-json\/wp\/v2\/media?parent=36339"}],"wp:term":[{"taxonomy":"category","embeddable":true,"href":"https:\/\/acontecenafronteira.com.br\/index.php\/wp-json\/wp\/v2\/categories?post=36339"},{"taxonomy":"post_tag","embeddable":true,"href":"https:\/\/acontecenafronteira.com.br\/index.php\/wp-json\/wp\/v2\/tags?post=36339"}],"curies":[{"name":"wp","href":"https:\/\/api.w.org\/{rel}","templated":true}]}}