{"id":36336,"date":"2026-09-05T21:36:56","date_gmt":"2026-09-06T00:36:56","guid":{"rendered":"https:\/\/acontecenafronteira.com.br\/?p=36336"},"modified":"2026-09-05T21:36:56","modified_gmt":"2026-09-06T00:36:56","slug":"classico-carioca-no-brasileirao-tem-briga-e-cartoes","status":"publish","type":"post","link":"https:\/\/acontecenafronteira.com.br\/index.php\/2026\/09\/05\/classico-carioca-no-brasileirao-tem-briga-e-cartoes\/","title":{"rendered":"Cl\u00e1ssico carioca no Brasileir\u00e3o tem briga e cart\u00f5es"},"content":{"rendered":"<p>O duelo entre Vasco e Fluminense v\u00e1lido pelo Campeonato Brasileiro de 2026 foi marcado por momentos de alta tens\u00e3o, culminando em uma confus\u00e3o generalizada aos 20 minutos da etapa inicial, ap\u00f3s um in\u00edcio dominante do Gigante da Colina.<\/p>\n<h2>O in\u00edcio da confus\u00e3o no gramado<\/h2>\n<p>A rusga teve in\u00edcio em uma disputa de bola entre Sosa e Canobbio, quando os atletas acabaram se estranhando ap\u00f3s uma tentativa de desarme. Rapidamente, o bate-boca tomou grandes propor\u00e7\u00f5es e mobilizou at\u00e9 mesmo os jogadores reservas que deixaram o banco para tirar satisfa\u00e7\u00f5es no campo.<\/p>\n<h2>Puni\u00e7\u00f5es aplicadas pela arbitragem<\/h2>\n<p>Ap\u00f3s os \u00e2nimos serem finalmente controlados pela equipe de arbitragem, a jogada resultou em cart\u00f5es amarelos aplicados para Freytes, defensores do Tricolor, e para o goleiro Daniel Fuzato, atleta do Cruzmaltino, contendo temporariamente os \u00e2nimos exaltados.<\/p>\n<h2>Contexto e rivalidade na temporada<\/h2>\n<p>Enquanto o time cruzmaltino luta desesperadamente para se afastar da zona de rebaixamento da competi\u00e7\u00e3o nacional, a equipe das Laranjeiras busca somar pontos cruciais para alcan\u00e7ar o grupo dos quatro primeiros colocados na tabela.<\/p>\n<p>Este embate marcou o sexto encontro entre os rivais cariocas ao longo da temporada atual, sendo que o cap\u00edtulo mais decisivo ocorreu na Copa do Brasil, onde o Vasco levou a melhor nas quartas de final com um placar agregado de 3 a 1.<\/p>\n<p>Por Reda\u00e7\u00e3o Acontece Foto: Reprodu\u00e7\u00e3o \/ X (@gmachadoalmeida)<\/p>\n","protected":false},"excerpt":{"rendered":"<p>O duelo entre Vasco e Fluminense v\u00e1lido pelo Campeonato Brasileiro de 2026 foi marcado por momentos de alta tens\u00e3o, culminando em uma confus\u00e3o generalizada aos 20 minutos da etapa inicial, ap\u00f3s um in\u00edcio dominante do Gigante da Colina. O in\u00edcio da confus\u00e3o no gramado A rusga teve in\u00edcio em uma disputa de bola entre Sosa [&hellip;]<\/p>\n","protected":false},"author":0,"featured_media":36342,"comment_status":"open","ping_status":"open","sticky":false,"template":"","format":"standard","meta":{"footnotes":""},"categories":[6],"tags":[],"class_list":["post-36336","post","type-post","status-publish","format-standard","has-post-thumbnail","hentry","category-mercosul"],"_links":{"self":[{"href":"https:\/\/acontecenafronteira.com.br\/index.php\/wp-json\/wp\/v2\/posts\/36336","targetHints":{"allow":["GET"]}}],"collection":[{"href":"https:\/\/acontecenafronteira.com.br\/index.php\/wp-json\/wp\/v2\/posts"}],"about":[{"href":"https:\/\/acontecenafronteira.com.br\/index.php\/wp-json\/wp\/v2\/types\/post"}],"replies":[{"embeddable":true,"href":"https:\/\/acontecenafronteira.com.br\/index.php\/wp-json\/wp\/v2\/comments?post=36336"}],"version-history":[{"count":1,"href":"https:\/\/acontecenafronteira.com.br\/index.php\/wp-json\/wp\/v2\/posts\/36336\/revisions"}],"predecessor-version":[{"id":36341,"href":"https:\/\/acontecenafronteira.com.br\/index.php\/wp-json\/wp\/v2\/posts\/36336\/revisions\/36341"}],"wp:featuredmedia":[{"embeddable":true,"href":"https:\/\/acontecenafronteira.com.br\/index.php\/wp-json\/wp\/v2\/media\/36342"}],"wp:attachment":[{"href":"https:\/\/acontecenafronteira.com.br\/index.php\/wp-json\/wp\/v2\/media?parent=36336"}],"wp:term":[{"taxonomy":"category","embeddable":true,"href":"https:\/\/acontecenafronteira.com.br\/index.php\/wp-json\/wp\/v2\/categories?post=36336"},{"taxonomy":"post_tag","embeddable":true,"href":"https:\/\/acontecenafronteira.com.br\/index.php\/wp-json\/wp\/v2\/tags?post=36336"}],"curies":[{"name":"wp","href":"https:\/\/api.w.org\/{rel}","templated":true}]}}