{"id":36325,"date":"2026-09-05T21:36:49","date_gmt":"2026-09-06T00:36:49","guid":{"rendered":"https:\/\/acontecenafronteira.com.br\/?p=36325"},"modified":"2026-09-05T21:36:49","modified_gmt":"2026-09-06T00:36:49","slug":"volkswagen-inicia-venda-de-eletrico-id-4-no-brasil-por-r-29990","status":"publish","type":"post","link":"https:\/\/acontecenafronteira.com.br\/index.php\/2026\/09\/05\/volkswagen-inicia-venda-de-eletrico-id-4-no-brasil-por-r-29990\/","title":{"rendered":"Volkswagen inicia venda de el\u00e9trico ID.4 no Brasil por R$ 299,90"},"content":{"rendered":"<p>A Volkswagen confirmou o lan\u00e7amento comercial do seu primeiro <i>carro 100% el\u00e9trico<\/i> no mercado brasileiro, com in\u00edcio das vendas programado para o m\u00eas de outubro. O SUV m\u00e9dio ID.4 Pro 2027 chega ao pa\u00eds com o pre\u00e7o sugerido de R$ 299.990,00, marcando o pontap\u00e9 inicial na estrat\u00e9gia de eletrifica\u00e7\u00e3o da fabricante alem\u00e3 em territ\u00f3rio nacional.<\/p>\n<h2>Desempenho e autonomia do ID.4<\/h2>\n<p>Desenvolvido sobre a plataforma modular exclusiva para ve\u00edculos el\u00e9tricos MEB, o modelo entrega 286 cv de pot\u00eancia. O conjunto \u00e9 alimentado por uma nova bateria de 84 kWh, capaz de assegurar uma autonomia de 389 km, conforme as diretrizes do Instituto Nacional de Metrologia, Qualidade e Tecnologia (Inmetro). Al\u00e9m disso, o sistema aceita recarga r\u00e1pida de at\u00e9 80% em cerca de 25 minutos, utilizando pot\u00eancia m\u00e1xima de 185 kW.<\/p>\n<h2>Tecnologia e interior do SUV<\/h2>\n<p>Por dentro, o ve\u00edculo aposta em conectividade e conforto para os cinco ocupantes, distribu\u00eddos em 4,58 metros de comprimento e 2,77 metros de entre-eixos. A cabine conta com uma central multim\u00eddia de 12,9 polegadas equipada com comandos de voz, GPS integrado e compatibilidade sem fio para Apple CarPlay e Android Auto. O console central oferece carregamento por indu\u00e7\u00e3o e quatro portas USB-C.<\/p>\n<h2>Sistemas avan\u00e7ados de seguran\u00e7a<\/h2>\n<p>O pacote tecnol\u00f3gico inclui recursos de assist\u00eancia \u00e0 condu\u00e7\u00e3o, como o Emergency Assist, tecnologia capaz de assumir o comando e parar o autom\u00f3vel com seguran\u00e7a caso o motorista perca a consci\u00eancia. O utilit\u00e1rio tamb\u00e9m disp\u00f5e de frenagem com detec\u00e7\u00e3o de pedestres e ciclistas, alerta de ponto cego e o Memory Park Assist, que memoriza vagas rotineiras e realiza manobras aut\u00f4nomas.<\/p>\n<p>O modelo ainda traz porta-malas com abertura e fechamento el\u00e9tricos acionados por sensor de presen\u00e7a atrav\u00e9s da fun\u00e7\u00e3o Easy Open. O lan\u00e7amento oficial ao p\u00fablico ocorre durante a edi\u00e7\u00e3o do festival Rock in Rio.<\/p>\n<p>Por Reda\u00e7\u00e3o Acontece<\/p>\n<p>Foto: Divulga\u00e7\u00e3o\/Volkswagen<\/p>\n","protected":false},"excerpt":{"rendered":"<p>A Volkswagen confirmou o lan\u00e7amento comercial do seu primeiro carro 100% el\u00e9trico no mercado brasileiro, com in\u00edcio das vendas programado para o m\u00eas de outubro. O SUV m\u00e9dio ID.4 Pro 2027 chega ao pa\u00eds com o pre\u00e7o sugerido de R$ 299.990,00, marcando o pontap\u00e9 inicial na estrat\u00e9gia de eletrifica\u00e7\u00e3o da fabricante alem\u00e3 em territ\u00f3rio nacional. [&hellip;]<\/p>\n","protected":false},"author":0,"featured_media":36335,"comment_status":"open","ping_status":"open","sticky":false,"template":"","format":"standard","meta":{"footnotes":""},"categories":[28],"tags":[],"class_list":["post-36325","post","type-post","status-publish","format-standard","has-post-thumbnail","hentry","category-mundo"],"_links":{"self":[{"href":"https:\/\/acontecenafronteira.com.br\/index.php\/wp-json\/wp\/v2\/posts\/36325","targetHints":{"allow":["GET"]}}],"collection":[{"href":"https:\/\/acontecenafronteira.com.br\/index.php\/wp-json\/wp\/v2\/posts"}],"about":[{"href":"https:\/\/acontecenafronteira.com.br\/index.php\/wp-json\/wp\/v2\/types\/post"}],"replies":[{"embeddable":true,"href":"https:\/\/acontecenafronteira.com.br\/index.php\/wp-json\/wp\/v2\/comments?post=36325"}],"version-history":[{"count":1,"href":"https:\/\/acontecenafronteira.com.br\/index.php\/wp-json\/wp\/v2\/posts\/36325\/revisions"}],"predecessor-version":[{"id":36334,"href":"https:\/\/acontecenafronteira.com.br\/index.php\/wp-json\/wp\/v2\/posts\/36325\/revisions\/36334"}],"wp:featuredmedia":[{"embeddable":true,"href":"https:\/\/acontecenafronteira.com.br\/index.php\/wp-json\/wp\/v2\/media\/36335"}],"wp:attachment":[{"href":"https:\/\/acontecenafronteira.com.br\/index.php\/wp-json\/wp\/v2\/media?parent=36325"}],"wp:term":[{"taxonomy":"category","embeddable":true,"href":"https:\/\/acontecenafronteira.com.br\/index.php\/wp-json\/wp\/v2\/categories?post=36325"},{"taxonomy":"post_tag","embeddable":true,"href":"https:\/\/acontecenafronteira.com.br\/index.php\/wp-json\/wp\/v2\/tags?post=36325"}],"curies":[{"name":"wp","href":"https:\/\/api.w.org\/{rel}","templated":true}]}}