{"id":36324,"date":"2026-09-05T21:36:42","date_gmt":"2026-09-06T00:36:42","guid":{"rendered":"https:\/\/acontecenafronteira.com.br\/?p=36324"},"modified":"2026-09-05T21:36:42","modified_gmt":"2026-09-06T00:36:42","slug":"oli-sykes-relacao-do-vocalista-do-bring-me-the-horizon-com-o-brasil","status":"publish","type":"post","link":"https:\/\/acontecenafronteira.com.br\/index.php\/2026\/09\/05\/oli-sykes-relacao-do-vocalista-do-bring-me-the-horizon-com-o-brasil\/","title":{"rendered":"Oli Sykes: rela\u00e7\u00e3o do vocalista do Bring Me The Horizon com o Brasil"},"content":{"rendered":"<p>O vocalista Oli Sykes, l\u00edder do Bring Me The Horizon, construiu uma rela\u00e7\u00e3o profunda e surpreendente com o Brasil ao longo dos anos, indo muito al\u00e9m dos palcos de grandes festivais e acumulando la\u00e7os familiares e burocr\u00e1ticos no territ\u00f3rio nacional.<\/p>\n<h2>Casamento, resid\u00eancia e cotidiano brasileiro<\/h2>\n<p>A conex\u00e3o com o pa\u00eds se fortaleceu a partir do relacionamento com a modelo brasileira Alissa Salls, com quem o m\u00fasico se casou em 2017. Durante o per\u00edodo de isolamento social, o casal optou por residir no interior de S\u00e3o Paulo, especificamente na cidade de Taubat\u00e9, expandindo posteriormente a rotina para o litoral norte paulista, com um im\u00f3vel em Ubatuba.<\/p>\n<h2>Documenta\u00e7\u00e3o oficial e adapta\u00e7\u00e3o cultural<\/h2>\n<p>O processo de integra\u00e7\u00e3o do artista brit\u00e2nico incluiu a obten\u00e7\u00e3o de um CPF regularizado em 2021, al\u00e9m da aquisi\u00e7\u00e3o da Carteira de Registro Nacional Migrat\u00f3rio em 2023. Em declara\u00e7\u00f5es p\u00fablicas, o cantor demonstrou apre\u00e7o por elementos da culin\u00e1ria local, como arroz com feij\u00e3o e mandioca, adaptando-se completamente ao estilo de vida nacional.<\/p>\n<h2>Paternidade e momentos de lazer<\/h2>\n<p>A fam\u00edlia aumentou em julho de 2025 com o nascimento dos filhos g\u00eameos do casal. Desde ent\u00e3o, o m\u00fasico tem sido visto em momentos comuns do cotidiano brasileiro, como a participa\u00e7\u00e3o em blocos de Carnaval no interior do estado de S\u00e3o Paulo com um de seus filhos, refor\u00e7ando a escolha de criar a fam\u00edlia em um ambiente considerado por ele mais tranquilo.<\/p>\n<h2>Consolida\u00e7\u00e3o musical e conex\u00e3o com os f\u00e3s<\/h2>\n<p>Essa proximidade pessoal refletiu diretamente na trajet\u00f3ria do Bring Me The Horizon no pa\u00eds, marcada por apresenta\u00e7\u00f5es hist\u00f3ricas, como a lota\u00e7\u00e3o do Allianz Parque em 2024 para mais de 50 mil pessoas. A mistura de metal, rock alternativo e elementos eletr\u00f4nicos consolidou uma base de f\u00e3s extremamente fiel, transformando as passagens da banda por solo brasileiro em marcos significativos na carreira do grupo brit\u00e2nico.<\/p>\n<p>Por Reda\u00e7\u00e3o Acontece<\/p>\n<p>Cr\u00e9ditos da imagem: Divulga\u00e7\u00e3o \/ Redes sociais<\/p>\n","protected":false},"excerpt":{"rendered":"<p>O vocalista Oli Sykes, l\u00edder do Bring Me The Horizon, construiu uma rela\u00e7\u00e3o profunda e surpreendente com o Brasil ao longo dos anos, indo muito al\u00e9m dos palcos de grandes festivais e acumulando la\u00e7os familiares e burocr\u00e1ticos no territ\u00f3rio nacional. Casamento, resid\u00eancia e cotidiano brasileiro A conex\u00e3o com o pa\u00eds se fortaleceu a partir do [&hellip;]<\/p>\n","protected":false},"author":0,"featured_media":36333,"comment_status":"open","ping_status":"open","sticky":false,"template":"","format":"standard","meta":{"footnotes":""},"categories":[28],"tags":[],"class_list":["post-36324","post","type-post","status-publish","format-standard","has-post-thumbnail","hentry","category-mundo"],"_links":{"self":[{"href":"https:\/\/acontecenafronteira.com.br\/index.php\/wp-json\/wp\/v2\/posts\/36324","targetHints":{"allow":["GET"]}}],"collection":[{"href":"https:\/\/acontecenafronteira.com.br\/index.php\/wp-json\/wp\/v2\/posts"}],"about":[{"href":"https:\/\/acontecenafronteira.com.br\/index.php\/wp-json\/wp\/v2\/types\/post"}],"replies":[{"embeddable":true,"href":"https:\/\/acontecenafronteira.com.br\/index.php\/wp-json\/wp\/v2\/comments?post=36324"}],"version-history":[{"count":1,"href":"https:\/\/acontecenafronteira.com.br\/index.php\/wp-json\/wp\/v2\/posts\/36324\/revisions"}],"predecessor-version":[{"id":36332,"href":"https:\/\/acontecenafronteira.com.br\/index.php\/wp-json\/wp\/v2\/posts\/36324\/revisions\/36332"}],"wp:featuredmedia":[{"embeddable":true,"href":"https:\/\/acontecenafronteira.com.br\/index.php\/wp-json\/wp\/v2\/media\/36333"}],"wp:attachment":[{"href":"https:\/\/acontecenafronteira.com.br\/index.php\/wp-json\/wp\/v2\/media?parent=36324"}],"wp:term":[{"taxonomy":"category","embeddable":true,"href":"https:\/\/acontecenafronteira.com.br\/index.php\/wp-json\/wp\/v2\/categories?post=36324"},{"taxonomy":"post_tag","embeddable":true,"href":"https:\/\/acontecenafronteira.com.br\/index.php\/wp-json\/wp\/v2\/tags?post=36324"}],"curies":[{"name":"wp","href":"https:\/\/api.w.org\/{rel}","templated":true}]}}