{"id":36323,"date":"2026-09-05T21:36:31","date_gmt":"2026-09-06T00:36:31","guid":{"rendered":"https:\/\/acontecenafronteira.com.br\/?p=36323"},"modified":"2026-09-05T21:36:31","modified_gmt":"2026-09-06T00:36:31","slug":"torcida-do-botafogo-exibe-bandeirao-atualizado-contra-o-palmeiras","status":"publish","type":"post","link":"https:\/\/acontecenafronteira.com.br\/index.php\/2026\/09\/05\/torcida-do-botafogo-exibe-bandeirao-atualizado-contra-o-palmeiras\/","title":{"rendered":"Torcida do Botafogo exibe bandeir\u00e3o atualizado contra o Palmeiras"},"content":{"rendered":"<p>Para o confronto decisivo deste domingo contra o Palmeiras no est\u00e1dio Nilton Santos, a torcida do Botafogo preparou uma novidade marcante nas arquibancadas: a exibi\u00e7\u00e3o do famoso bandeir\u00e3o de \u00eddolos atualizado.<\/p>\n<h2>Mudan\u00e7a ap\u00f3s transfer\u00eancia pol\u00eamica<\/h2>\n<p>A altera\u00e7\u00e3o na bandeira monumental ocorreu porque o volante Marlon Freitas, capit\u00e3o nas conquistas da Libertadores e do Brasileir\u00e3o em 2024, deixou o clube carioca no in\u00edcio deste ano para assinar justamente com o Alviverde paulista. A sa\u00edda gerou revolta entre os torcedores, que perderam o status de \u00eddolo concedido ao atleta.<\/p>\n<h2>Vota\u00e7\u00e3o popular e homenagem a Jefferson<\/h2>\n<p>Diante da transfer\u00eancia, o grupo liderado pelo Movimento Ningu\u00e9m Ama Como A Gente organizou uma vota\u00e7\u00e3o em janeiro. A maioria decidiu retirar a imagem de Marlon Freitas e substitu\u00edra pela do ex-goleiro Jefferson, \u00edcone que recusou propostas e optou por permanecer na equipe durante o rebaixamento de 2014, mesmo arriscando convoca\u00e7\u00f5es para a sele\u00e7\u00e3o brasileira.<\/p>\n<h2>Novos integrantes e protestos programados<\/h2>\n<p>Com a altera\u00e7\u00e3o, Jefferson agora estampa o tecido hist\u00f3rico ao lado de lendas como Nilton Santos, Garrincha, Jairzinho, Didi, Carlito Rocha, Quarentinha, T\u00falio Maravilha, Gerson, Amarildo, Heleno de Freitas e Luiz Henrique.<\/p>\n<p>Al\u00e9m da estreia do novo bandeir\u00e3o, o reencontro com os ex-jogadores ter\u00e1 outras demonstra\u00e7\u00f5es de insatisfa\u00e7\u00e3o. Torcedores divulgaram imagens de c\u00e9dulas falsas de R$ 3 contendo os rostos de Marlon Freitas e do zagueiro Alexander Barboza \u2014 que tamb\u00e9m trocou o clube carioca pelo paulista \u2014, acompanhadas de termos pejorativos. H\u00e1 ainda relatos de adeptos que alteraram seus setores habituais no est\u00e1dio para ficarem mais pr\u00f3ximos da \u00e1rea t\u00e9cnica do time advers\u00e1rio.<\/p>\n<p>Por Reda\u00e7\u00e3o Acontece<\/p>\n<p>Foto: Divulga\u00e7\u00e3o\/Botafogo<\/p>\n","protected":false},"excerpt":{"rendered":"<p>Para o confronto decisivo deste domingo contra o Palmeiras no est\u00e1dio Nilton Santos, a torcida do Botafogo preparou uma novidade marcante nas arquibancadas: a exibi\u00e7\u00e3o do famoso bandeir\u00e3o de \u00eddolos atualizado. Mudan\u00e7a ap\u00f3s transfer\u00eancia pol\u00eamica A altera\u00e7\u00e3o na bandeira monumental ocorreu porque o volante Marlon Freitas, capit\u00e3o nas conquistas da Libertadores e do Brasileir\u00e3o em [&hellip;]<\/p>\n","protected":false},"author":0,"featured_media":36331,"comment_status":"open","ping_status":"open","sticky":false,"template":"","format":"standard","meta":{"footnotes":""},"categories":[28],"tags":[],"class_list":["post-36323","post","type-post","status-publish","format-standard","has-post-thumbnail","hentry","category-mundo"],"_links":{"self":[{"href":"https:\/\/acontecenafronteira.com.br\/index.php\/wp-json\/wp\/v2\/posts\/36323","targetHints":{"allow":["GET"]}}],"collection":[{"href":"https:\/\/acontecenafronteira.com.br\/index.php\/wp-json\/wp\/v2\/posts"}],"about":[{"href":"https:\/\/acontecenafronteira.com.br\/index.php\/wp-json\/wp\/v2\/types\/post"}],"replies":[{"embeddable":true,"href":"https:\/\/acontecenafronteira.com.br\/index.php\/wp-json\/wp\/v2\/comments?post=36323"}],"version-history":[{"count":1,"href":"https:\/\/acontecenafronteira.com.br\/index.php\/wp-json\/wp\/v2\/posts\/36323\/revisions"}],"predecessor-version":[{"id":36330,"href":"https:\/\/acontecenafronteira.com.br\/index.php\/wp-json\/wp\/v2\/posts\/36323\/revisions\/36330"}],"wp:featuredmedia":[{"embeddable":true,"href":"https:\/\/acontecenafronteira.com.br\/index.php\/wp-json\/wp\/v2\/media\/36331"}],"wp:attachment":[{"href":"https:\/\/acontecenafronteira.com.br\/index.php\/wp-json\/wp\/v2\/media?parent=36323"}],"wp:term":[{"taxonomy":"category","embeddable":true,"href":"https:\/\/acontecenafronteira.com.br\/index.php\/wp-json\/wp\/v2\/categories?post=36323"},{"taxonomy":"post_tag","embeddable":true,"href":"https:\/\/acontecenafronteira.com.br\/index.php\/wp-json\/wp\/v2\/tags?post=36323"}],"curies":[{"name":"wp","href":"https:\/\/api.w.org\/{rel}","templated":true}]}}