{"id":36322,"date":"2026-09-05T21:36:23","date_gmt":"2026-09-06T00:36:23","guid":{"rendered":"https:\/\/acontecenafronteira.com.br\/?p=36322"},"modified":"2026-09-05T21:36:23","modified_gmt":"2026-09-06T00:36:23","slug":"fluminense-e-vasco-se-enfrentam-no-brasileirao-com-mudancas","status":"publish","type":"post","link":"https:\/\/acontecenafronteira.com.br\/index.php\/2026\/09\/05\/fluminense-e-vasco-se-enfrentam-no-brasileirao-com-mudancas\/","title":{"rendered":"Fluminense e Vasco se enfrentam no Brasileir\u00e3o com mudan\u00e7as"},"content":{"rendered":"<p>Exatamente um m\u00eas ap\u00f3s o confronto decisivo pela Copa do Brasil, Fluminense e Vasco voltam a medir for\u00e7as, desta vez pela 26\u00aa rodada do Campeonato Brasileiro. O cl\u00e1ssico deste s\u00e1bado, \u00e0s 21h, promete novidades significativas nas forma\u00e7\u00f5es titulares de ambas as equipes em compara\u00e7\u00e3o ao \u00faltimo embate eliminat\u00f3rio.<\/p>\n<h2>Mudan\u00e7as no time tricolor<\/h2>\n<p>O Fluminense chega para o duelo com desfalques importantes na equipe titular. O volante H\u00e9rcules fica de fora ap\u00f3s sentir um inc\u00f4modo no joelho esquerdo. Al\u00e9m dele, o capit\u00e3o Thiago Silva foi preservado visando o compromisso pela Copa Libertadores, enquanto Jemmes foi poupado devido a dores na coxa para evitar les\u00f5es mais graves.<\/p>\n<p>Sob o comando interino de Marc\u00e3o, que assumiu ap\u00f3s a sa\u00edda de Luis Zubeld\u00eda, o Tricolor tenta manter a boa fase. O treinador precisou lidar com a grave les\u00e3o no joelho de John Kennedy sofrida justamente no \u00faltimo cl\u00e1ssico, mas encontrou em Hulk a esperan\u00e7a de gols, com o atacante balan\u00e7ando as redes tr\u00eas vezes nos \u00faltimos quatro jogos. No meio-campo, Ganso recuperou a titularidade e ganhou sequ\u00eancia na equipe.<\/p>\n<h2>Novidades no cruz-maltino<\/h2>\n<p>Do outro lado, o Vasco n\u00e3o conta com Brenner, her\u00f3i da classifica\u00e7\u00e3o na Copa do Brasil, que sofreu uma grave les\u00e3o ligamentar e no tend\u00e3o. Para suprir a aus\u00eancia no setor ofensivo, a esperan\u00e7a de gols recai sobre o rec\u00e9m-contratado Bruno Duarte, que faz sua estreia no cl\u00e1ssico ap\u00f3s passagens pelo futebol s\u00e9rvio.<\/p>\n<p>O t\u00e9cnico vasca\u00edno tamb\u00e9m n\u00e3o ter\u00e1 Cuiabano e Jair, ambos entregues ao departamento m\u00e9dico. Para preencher a lacuna no meio-campo, o argentino Sosa ganhou espa\u00e7o e vem dando mais solidez \u00e0 equipe, enquanto pe\u00e7as como Colidio e Andr\u00e9s G\u00f3mez completam o setor ofensivo no confronto de logo mais.<\/p>\n<p>Por Reda\u00e7\u00e3o Acontece<\/p>\n<p>Divulga\u00e7\u00e3o<\/p>\n","protected":false},"excerpt":{"rendered":"<p>Exatamente um m\u00eas ap\u00f3s o confronto decisivo pela Copa do Brasil, Fluminense e Vasco voltam a medir for\u00e7as, desta vez pela 26\u00aa rodada do Campeonato Brasileiro. O cl\u00e1ssico deste s\u00e1bado, \u00e0s 21h, promete novidades significativas nas forma\u00e7\u00f5es titulares de ambas as equipes em compara\u00e7\u00e3o ao \u00faltimo embate eliminat\u00f3rio. Mudan\u00e7as no time tricolor O Fluminense chega [&hellip;]<\/p>\n","protected":false},"author":0,"featured_media":36329,"comment_status":"open","ping_status":"open","sticky":false,"template":"","format":"standard","meta":{"footnotes":""},"categories":[28],"tags":[],"class_list":["post-36322","post","type-post","status-publish","format-standard","has-post-thumbnail","hentry","category-mundo"],"_links":{"self":[{"href":"https:\/\/acontecenafronteira.com.br\/index.php\/wp-json\/wp\/v2\/posts\/36322","targetHints":{"allow":["GET"]}}],"collection":[{"href":"https:\/\/acontecenafronteira.com.br\/index.php\/wp-json\/wp\/v2\/posts"}],"about":[{"href":"https:\/\/acontecenafronteira.com.br\/index.php\/wp-json\/wp\/v2\/types\/post"}],"replies":[{"embeddable":true,"href":"https:\/\/acontecenafronteira.com.br\/index.php\/wp-json\/wp\/v2\/comments?post=36322"}],"version-history":[{"count":1,"href":"https:\/\/acontecenafronteira.com.br\/index.php\/wp-json\/wp\/v2\/posts\/36322\/revisions"}],"predecessor-version":[{"id":36328,"href":"https:\/\/acontecenafronteira.com.br\/index.php\/wp-json\/wp\/v2\/posts\/36322\/revisions\/36328"}],"wp:featuredmedia":[{"embeddable":true,"href":"https:\/\/acontecenafronteira.com.br\/index.php\/wp-json\/wp\/v2\/media\/36329"}],"wp:attachment":[{"href":"https:\/\/acontecenafronteira.com.br\/index.php\/wp-json\/wp\/v2\/media?parent=36322"}],"wp:term":[{"taxonomy":"category","embeddable":true,"href":"https:\/\/acontecenafronteira.com.br\/index.php\/wp-json\/wp\/v2\/categories?post=36322"},{"taxonomy":"post_tag","embeddable":true,"href":"https:\/\/acontecenafronteira.com.br\/index.php\/wp-json\/wp\/v2\/tags?post=36322"}],"curies":[{"name":"wp","href":"https:\/\/api.w.org\/{rel}","templated":true}]}}