{"id":36321,"date":"2026-09-05T21:36:17","date_gmt":"2026-09-06T00:36:17","guid":{"rendered":"https:\/\/acontecenafronteira.com.br\/?p=36321"},"modified":"2026-09-05T21:36:17","modified_gmt":"2026-09-06T00:36:17","slug":"poppy-no-rock-in-rio-visual-impressiona-mas-som-falha","status":"publish","type":"post","link":"https:\/\/acontecenafronteira.com.br\/index.php\/2026\/09\/05\/poppy-no-rock-in-rio-visual-impressiona-mas-som-falha\/","title":{"rendered":"Poppy no Rock in Rio: visual impressiona mas som falha"},"content":{"rendered":"<p>A cantora Poppy se apresentou na noite deste s\u00e1bado no Palco Sunset do Rock in Rio, trazendo uma est\u00e9tica de circo dos horrores e figurino inspirado na bandeira do Brasil. A artista americana de descend\u00eancia portuguesa comandou uma banda mascarada com forte influ\u00eancia do Slipknot, atraindo um grande p\u00fablico para o festival sem chuva.<\/p>\n<h2>A energia do show e a resposta do p\u00fablico<\/h2>\n<p>O repert\u00f3rio come\u00e7ou com a faixa \u201cHave you had enough?\u201d, que mistura vocais mel\u00f3dicos com gritos intensos, seguida por \u201cThe cost of giving up\u201d. Logo no in\u00edcio, a artista pediu rodas de pogo e foi atendida pelos f\u00e3s nos trechos mais pesados das m\u00fasicas.<\/p>\n<h2>Desafios t\u00e9cnicos e sonoros no Palco Sunset<\/h2>\n<p>Apesar da forte presen\u00e7a de palco e da personalidade da artista, dois fatores prejudicaram a experi\u00eancia. A din\u00e2mica de altern\u00e2ncia entre trechos pop suaves, comparados ao estilo de Katy Perry, e momentos de rock pesado n\u00e3o fluiu bem, somada \u00e0 baixa press\u00e3o do som para quem estava mais distante.<\/p>\n<h2>Transi\u00e7\u00e3o de carreira e recep\u00e7\u00e3o dos f\u00e3s<\/h2>\n<p>Conhecida originalmente por sua trajet\u00f3ria como criadora de conte\u00fado no YouTube, a cantora migrou para o rock pesado com o \u00e1lbum \u201cI disagree\u201d, lan\u00e7ado em 2020 e indicado ao Grammy. Aos 31 anos, a artista ainda busca consolidar sua identidade musical, o que ficou evidente quando parte do p\u00fablico deixou o show antes do fim para acompanhar o Bring Me The Horizon no Palco Mundo.<\/p>\n<p>Por Reda\u00e7\u00e3o Acontece<\/p>\n<p>Foto: Divulga\u00e7\u00e3o \/ Redes Sociais<\/p>\n","protected":false},"excerpt":{"rendered":"<p>A cantora Poppy se apresentou na noite deste s\u00e1bado no Palco Sunset do Rock in Rio, trazendo uma est\u00e9tica de circo dos horrores e figurino inspirado na bandeira do Brasil. A artista americana de descend\u00eancia portuguesa comandou uma banda mascarada com forte influ\u00eancia do Slipknot, atraindo um grande p\u00fablico para o festival sem chuva. A [&hellip;]<\/p>\n","protected":false},"author":0,"featured_media":36327,"comment_status":"open","ping_status":"open","sticky":false,"template":"","format":"standard","meta":{"footnotes":""},"categories":[28],"tags":[],"class_list":["post-36321","post","type-post","status-publish","format-standard","has-post-thumbnail","hentry","category-mundo"],"_links":{"self":[{"href":"https:\/\/acontecenafronteira.com.br\/index.php\/wp-json\/wp\/v2\/posts\/36321","targetHints":{"allow":["GET"]}}],"collection":[{"href":"https:\/\/acontecenafronteira.com.br\/index.php\/wp-json\/wp\/v2\/posts"}],"about":[{"href":"https:\/\/acontecenafronteira.com.br\/index.php\/wp-json\/wp\/v2\/types\/post"}],"replies":[{"embeddable":true,"href":"https:\/\/acontecenafronteira.com.br\/index.php\/wp-json\/wp\/v2\/comments?post=36321"}],"version-history":[{"count":1,"href":"https:\/\/acontecenafronteira.com.br\/index.php\/wp-json\/wp\/v2\/posts\/36321\/revisions"}],"predecessor-version":[{"id":36326,"href":"https:\/\/acontecenafronteira.com.br\/index.php\/wp-json\/wp\/v2\/posts\/36321\/revisions\/36326"}],"wp:featuredmedia":[{"embeddable":true,"href":"https:\/\/acontecenafronteira.com.br\/index.php\/wp-json\/wp\/v2\/media\/36327"}],"wp:attachment":[{"href":"https:\/\/acontecenafronteira.com.br\/index.php\/wp-json\/wp\/v2\/media?parent=36321"}],"wp:term":[{"taxonomy":"category","embeddable":true,"href":"https:\/\/acontecenafronteira.com.br\/index.php\/wp-json\/wp\/v2\/categories?post=36321"},{"taxonomy":"post_tag","embeddable":true,"href":"https:\/\/acontecenafronteira.com.br\/index.php\/wp-json\/wp\/v2\/tags?post=36321"}],"curies":[{"name":"wp","href":"https:\/\/api.w.org\/{rel}","templated":true}]}}