{"id":36310,"date":"2026-09-05T21:36:09","date_gmt":"2026-09-06T00:36:09","guid":{"rendered":"https:\/\/acontecenafronteira.com.br\/?p=36310"},"modified":"2026-09-05T21:36:09","modified_gmt":"2026-09-06T00:36:09","slug":"sao-paulo-vence-atletico-mg-e-ganha-folga-no-brasileirao","status":"publish","type":"post","link":"https:\/\/acontecenafronteira.com.br\/index.php\/2026\/09\/05\/sao-paulo-vence-atletico-mg-e-ganha-folga-no-brasileirao\/","title":{"rendered":"S\u00e3o Paulo vence Atl\u00e9tico-MG e ganha folga no Brasileir\u00e3o"},"content":{"rendered":"<p>O S\u00e3o Paulo conquistou uma importante vit\u00f3ria por 2 a 0 sobre o Atl\u00e9tico-MG na noite deste s\u00e1bado (5), atuando no est\u00e1dio do Morumbis, em partida v\u00e1lida pela 26\u00aa rodada do Campeonato Brasileiro. Com o resultado positivo, a equipe paulista conseguiu se afastar da zona de rebaixamento da competi\u00e7\u00e3o nacional.<\/p>\n<h2>Como foi a partida no Morumbis<\/h2>\n<p>O Tricolor paulista definiu o confronto ainda na etapa inicial. A superioridade t\u00e9cnica em campo se traduziu rapidamente em gols, permitindo que o time administrasse a vantagem constru\u00edda at\u00e9 o apito final do \u00e1rbitro, sem sofrer grandes sustos dos mineiros.<\/p>\n<h3>Situa\u00e7\u00e3o na tabela do Brasileir\u00e3o<\/h3>\n<p>Com os tr\u00eas pontos somados em casa, o clube paulista respira aliviado na classifica\u00e7\u00e3o e ganha f\u00f4lego para a sequ\u00eancia da temporada. O desempenho defensivo e a efic\u00e1cia no ataque foram determinantes para conter o advers\u00e1rio e garantir o triunfo diante de sua torcida.<\/p>\n<p>Por Reda\u00e7\u00e3o Acontece<\/p>\n<p>Foto: Divulga\u00e7\u00e3o\/SPFC<\/p>\n","protected":false},"excerpt":{"rendered":"<p>O S\u00e3o Paulo conquistou uma importante vit\u00f3ria por 2 a 0 sobre o Atl\u00e9tico-MG na noite deste s\u00e1bado (5), atuando no est\u00e1dio do Morumbis, em partida v\u00e1lida pela 26\u00aa rodada do Campeonato Brasileiro. Com o resultado positivo, a equipe paulista conseguiu se afastar da zona de rebaixamento da competi\u00e7\u00e3o nacional. Como foi a partida no [&hellip;]<\/p>\n","protected":false},"author":0,"featured_media":36320,"comment_status":"open","ping_status":"open","sticky":false,"template":"","format":"standard","meta":{"footnotes":""},"categories":[18],"tags":[],"class_list":["post-36310","post","type-post","status-publish","format-standard","has-post-thumbnail","hentry","category-parana"],"_links":{"self":[{"href":"https:\/\/acontecenafronteira.com.br\/index.php\/wp-json\/wp\/v2\/posts\/36310","targetHints":{"allow":["GET"]}}],"collection":[{"href":"https:\/\/acontecenafronteira.com.br\/index.php\/wp-json\/wp\/v2\/posts"}],"about":[{"href":"https:\/\/acontecenafronteira.com.br\/index.php\/wp-json\/wp\/v2\/types\/post"}],"replies":[{"embeddable":true,"href":"https:\/\/acontecenafronteira.com.br\/index.php\/wp-json\/wp\/v2\/comments?post=36310"}],"version-history":[{"count":1,"href":"https:\/\/acontecenafronteira.com.br\/index.php\/wp-json\/wp\/v2\/posts\/36310\/revisions"}],"predecessor-version":[{"id":36319,"href":"https:\/\/acontecenafronteira.com.br\/index.php\/wp-json\/wp\/v2\/posts\/36310\/revisions\/36319"}],"wp:featuredmedia":[{"embeddable":true,"href":"https:\/\/acontecenafronteira.com.br\/index.php\/wp-json\/wp\/v2\/media\/36320"}],"wp:attachment":[{"href":"https:\/\/acontecenafronteira.com.br\/index.php\/wp-json\/wp\/v2\/media?parent=36310"}],"wp:term":[{"taxonomy":"category","embeddable":true,"href":"https:\/\/acontecenafronteira.com.br\/index.php\/wp-json\/wp\/v2\/categories?post=36310"},{"taxonomy":"post_tag","embeddable":true,"href":"https:\/\/acontecenafronteira.com.br\/index.php\/wp-json\/wp\/v2\/tags?post=36310"}],"curies":[{"name":"wp","href":"https:\/\/api.w.org\/{rel}","templated":true}]}}