{"id":36309,"date":"2026-09-05T21:36:04","date_gmt":"2026-09-06T00:36:04","guid":{"rendered":"https:\/\/acontecenafronteira.com.br\/?p=36309"},"modified":"2026-09-05T21:36:04","modified_gmt":"2026-09-06T00:36:04","slug":"governo-federal-projeta-folha-abaixo-do-limite-em-2027","status":"publish","type":"post","link":"https:\/\/acontecenafronteira.com.br\/index.php\/2026\/09\/05\/governo-federal-projeta-folha-abaixo-do-limite-em-2027\/","title":{"rendered":"Governo federal projeta folha abaixo do limite em 2027"},"content":{"rendered":"<p>O governo federal estima que os disp\u00eandios com a folha de pagamento do Poder Executivo em 2027 ficar\u00e3o R$ 8 bilh\u00f5es abaixo do teto m\u00e1ximo permitido pela legisla\u00e7\u00e3o vigente.<\/p>\n<h2>Previs\u00f5es para a folha de sal\u00e1rios<\/h2>\n<p>A estimativa oficial aponta que os desembolsos com servidores p\u00fablicos federais atingir\u00e3o a marca de R$ 361,5 bilh\u00f5es ao longo do ano de 2027.<\/p>\n<h2>Impacto fiscal das contas p\u00fablicas<\/h2>\n<p>Esse patamar projetado para as despesas com pessoal refor\u00e7a o controle sobre o or\u00e7amento federal, mantendo os gastos dentro dos limites prudenciais exigidos pelas regras fiscais do pa\u00eds.<\/p>\n<p>A gest\u00e3o dos recursos humanos do Executivo continua sendo monitorada de perto pela equipe econ\u00f4mica para garantir a sustentabilidade das contas p\u00fablicas a m\u00e9dio e longo prazo.<\/p>\n<p>As diretrizes or\u00e7ament\u00e1rias estabelecidas buscam conciliar a valoriza\u00e7\u00e3o do funcionalismo p\u00fablico com a responsabilidade fiscal exigida pelo atual arcabou\u00e7o econ\u00f4mico nacional.<\/p>\n<p>Por Reda\u00e7\u00e3o Acontece<\/p>\n<p>Cr\u00e9ditos da imagem: Divulga\u00e7\u00e3o\/Governo Federal<\/p>\n","protected":false},"excerpt":{"rendered":"<p>O governo federal estima que os disp\u00eandios com a folha de pagamento do Poder Executivo em 2027 ficar\u00e3o R$ 8 bilh\u00f5es abaixo do teto m\u00e1ximo permitido pela legisla\u00e7\u00e3o vigente. Previs\u00f5es para a folha de sal\u00e1rios A estimativa oficial aponta que os desembolsos com servidores p\u00fablicos federais atingir\u00e3o a marca de R$ 361,5 bilh\u00f5es ao longo [&hellip;]<\/p>\n","protected":false},"author":0,"featured_media":36318,"comment_status":"open","ping_status":"open","sticky":false,"template":"","format":"standard","meta":{"footnotes":""},"categories":[18],"tags":[],"class_list":["post-36309","post","type-post","status-publish","format-standard","has-post-thumbnail","hentry","category-parana"],"_links":{"self":[{"href":"https:\/\/acontecenafronteira.com.br\/index.php\/wp-json\/wp\/v2\/posts\/36309","targetHints":{"allow":["GET"]}}],"collection":[{"href":"https:\/\/acontecenafronteira.com.br\/index.php\/wp-json\/wp\/v2\/posts"}],"about":[{"href":"https:\/\/acontecenafronteira.com.br\/index.php\/wp-json\/wp\/v2\/types\/post"}],"replies":[{"embeddable":true,"href":"https:\/\/acontecenafronteira.com.br\/index.php\/wp-json\/wp\/v2\/comments?post=36309"}],"version-history":[{"count":1,"href":"https:\/\/acontecenafronteira.com.br\/index.php\/wp-json\/wp\/v2\/posts\/36309\/revisions"}],"predecessor-version":[{"id":36317,"href":"https:\/\/acontecenafronteira.com.br\/index.php\/wp-json\/wp\/v2\/posts\/36309\/revisions\/36317"}],"wp:featuredmedia":[{"embeddable":true,"href":"https:\/\/acontecenafronteira.com.br\/index.php\/wp-json\/wp\/v2\/media\/36318"}],"wp:attachment":[{"href":"https:\/\/acontecenafronteira.com.br\/index.php\/wp-json\/wp\/v2\/media?parent=36309"}],"wp:term":[{"taxonomy":"category","embeddable":true,"href":"https:\/\/acontecenafronteira.com.br\/index.php\/wp-json\/wp\/v2\/categories?post=36309"},{"taxonomy":"post_tag","embeddable":true,"href":"https:\/\/acontecenafronteira.com.br\/index.php\/wp-json\/wp\/v2\/tags?post=36309"}],"curies":[{"name":"wp","href":"https:\/\/api.w.org\/{rel}","templated":true}]}}