{"id":36308,"date":"2026-09-05T21:36:00","date_gmt":"2026-09-06T00:36:00","guid":{"rendered":"https:\/\/acontecenafronteira.com.br\/?p=36308"},"modified":"2026-09-05T21:36:00","modified_gmt":"2026-09-06T00:36:00","slug":"jose-dirceu-vence-linfoma-e-exames-apontam-remissao-no-pr","status":"publish","type":"post","link":"https:\/\/acontecenafronteira.com.br\/index.php\/2026\/09\/05\/jose-dirceu-vence-linfoma-e-exames-apontam-remissao-no-pr\/","title":{"rendered":"Jos\u00e9 Dirceu vence linfoma e exames apontam remiss\u00e3o no PR"},"content":{"rendered":"<p>O ex-ministro da Casa Civil Jos\u00e9 Dirceu finalizou nesta sexta-feira (4), em Curitiba, o seu ciclo de terapias contra um linfoma que havia sido descoberto em maio. De acordo com o boletim emitido pela equipe m\u00e9dica do Hospital S\u00edrio-Liban\u00eas, os exames mais recentes confirmaram a remiss\u00e3o da doen\u00e7a, trazendo al\u00edvio para familiares e aliados pol\u00edticos.<\/p>\n<h2>Hist\u00f3rico do tratamento na capital paranaense<\/h2>\n<p>O pol\u00edtico iniciou o combate ao c\u00e2ncer linf\u00e1tico no primeiro semestre do ano, logo ap\u00f3s o diagn\u00f3stico precoce. A condu\u00e7\u00e3o do caso ficou sob a responsabilidade de renomados especialistas da \u00e1rea de onco-hematologia.<\/p>\n<p>Durante todo o processo, o petista passou por diversas sess\u00f5es de quimioterapia. A escolha pela unidade m\u00e9dica na capital paranaense ocorreu devido \u00e0 infraestrutura de ponta e \u00e0 proximidade com sua equipe de confian\u00e7a.<\/p>\n<h2>Pr\u00f3ximos passos e recupera\u00e7\u00e3o<\/h2>\n<p>Com a conclus\u00e3o bem-sucedida das interven\u00e7\u00f5es cl\u00ednicas, o ex-ministro dever\u00e1 retomar gradualmente suas atividades cotidianas e articula\u00e7\u00f5es pol\u00edticas, mantendo o acompanhamento m\u00e9dico peri\u00f3dico para monitorar a sa\u00fade.<\/p>\n<p>A equipe respons\u00e1vel destacou que a resposta ao protocolo adotado superou as expectativas iniciais. Novas avalia\u00e7\u00f5es de rotina est\u00e3o agendadas para os pr\u00f3ximos meses, garantindo a estabilidade do quadro cl\u00ednico.<\/p>\n<p>Por Reda\u00e7\u00e3o Acontece<\/p>\n<p>Cr\u00e9ditos da imagem: Divulga\u00e7\u00e3o \/ Rede Social<\/p>\n","protected":false},"excerpt":{"rendered":"<p>O ex-ministro da Casa Civil Jos\u00e9 Dirceu finalizou nesta sexta-feira (4), em Curitiba, o seu ciclo de terapias contra um linfoma que havia sido descoberto em maio. De acordo com o boletim emitido pela equipe m\u00e9dica do Hospital S\u00edrio-Liban\u00eas, os exames mais recentes confirmaram a remiss\u00e3o da doen\u00e7a, trazendo al\u00edvio para familiares e aliados pol\u00edticos. [&hellip;]<\/p>\n","protected":false},"author":0,"featured_media":36316,"comment_status":"open","ping_status":"open","sticky":false,"template":"","format":"standard","meta":{"footnotes":""},"categories":[18],"tags":[],"class_list":["post-36308","post","type-post","status-publish","format-standard","has-post-thumbnail","hentry","category-parana"],"_links":{"self":[{"href":"https:\/\/acontecenafronteira.com.br\/index.php\/wp-json\/wp\/v2\/posts\/36308","targetHints":{"allow":["GET"]}}],"collection":[{"href":"https:\/\/acontecenafronteira.com.br\/index.php\/wp-json\/wp\/v2\/posts"}],"about":[{"href":"https:\/\/acontecenafronteira.com.br\/index.php\/wp-json\/wp\/v2\/types\/post"}],"replies":[{"embeddable":true,"href":"https:\/\/acontecenafronteira.com.br\/index.php\/wp-json\/wp\/v2\/comments?post=36308"}],"version-history":[{"count":1,"href":"https:\/\/acontecenafronteira.com.br\/index.php\/wp-json\/wp\/v2\/posts\/36308\/revisions"}],"predecessor-version":[{"id":36315,"href":"https:\/\/acontecenafronteira.com.br\/index.php\/wp-json\/wp\/v2\/posts\/36308\/revisions\/36315"}],"wp:featuredmedia":[{"embeddable":true,"href":"https:\/\/acontecenafronteira.com.br\/index.php\/wp-json\/wp\/v2\/media\/36316"}],"wp:attachment":[{"href":"https:\/\/acontecenafronteira.com.br\/index.php\/wp-json\/wp\/v2\/media?parent=36308"}],"wp:term":[{"taxonomy":"category","embeddable":true,"href":"https:\/\/acontecenafronteira.com.br\/index.php\/wp-json\/wp\/v2\/categories?post=36308"},{"taxonomy":"post_tag","embeddable":true,"href":"https:\/\/acontecenafronteira.com.br\/index.php\/wp-json\/wp\/v2\/tags?post=36308"}],"curies":[{"name":"wp","href":"https:\/\/api.w.org\/{rel}","templated":true}]}}