{"id":36294,"date":"2026-09-05T20:37:58","date_gmt":"2026-09-05T23:37:58","guid":{"rendered":"https:\/\/acontecenafronteira.com.br\/?p=36294"},"modified":"2026-09-05T20:37:58","modified_gmt":"2026-09-05T23:37:58","slug":"atacante-marroquino-sofre-fratura-grave-na-perna-na-grecia","status":"publish","type":"post","link":"https:\/\/acontecenafronteira.com.br\/index.php\/2026\/09\/05\/atacante-marroquino-sofre-fratura-grave-na-perna-na-grecia\/","title":{"rendered":"Atacante marroquino sofre fratura grave na perna na Gr\u00e9cia"},"content":{"rendered":"<p>O atacante Ayoub El Kaabi, atleta que representou a sele\u00e7\u00e3o do Marrocos na Copa do Mundo, sofreu uma fratura grave na perna durante uma partida v\u00e1lida pelo Campeonato Grego. O lance ocorreu nos instantes finais da etapa inicial do confronto entre o Olympiacos e o Volos.<\/p>\n<h2>Como aconteceu o lance da les\u00e3o<\/h2>\n<p>O jogador disparou em dire\u00e7\u00e3o \u00e0 \u00e1rea ap\u00f3s receber um passe em profundidade de um companheiro de equipe. Ao tentar driblar o goleiro advers\u00e1rio Mario Siampanis, El Kaabi acabou levando a pior em uma dividida muito forte e desabou no gramado emitindo gritos de dor.<\/p>\n<p>Imagens da transmiss\u00e3o mostram que o pr\u00f3prio arqueiro e outros atletas do Volos ficaram completamente desesperados ao perceberem a gravidade da les\u00e3o sofrida pelo atacante marroquino.<\/p>\n<h2>Desdobramentos da partida na Gr\u00e9cia<\/h2>\n<p>A arbitragem assinalou penalidade m\u00e1xima no lance e aplicou o cart\u00e3o amarelo ao goleiro Mario Siampanis. Na cobran\u00e7a da penalidade, Jota Silva colocou a equipe do Olympiacos em vantagem no placar.<\/p>\n<p>No entanto, o Volos conseguiu buscar a igualdade no marcador com um gol anotado por Maximiliano Comba aos 31 minutos da etapa complementar, fechando o placar em 1 a 1.<\/p>\n<p>Com este empate fora de casa, o clube do atleta lesionado alcan\u00e7ou a segunda coloca\u00e7\u00e3o na tabela de classifica\u00e7\u00e3o do torneio nacional, enquanto o Volos permaneceu na oitava posi\u00e7\u00e3o.<\/p>\n<p>Por Reda\u00e7\u00e3o Acontece Foto: Reprodu\u00e7\u00e3o\/Redes Sociais<\/p>\n","protected":false},"excerpt":{"rendered":"<p>O atacante Ayoub El Kaabi, atleta que representou a sele\u00e7\u00e3o do Marrocos na Copa do Mundo, sofreu uma fratura grave na perna durante uma partida v\u00e1lida pelo Campeonato Grego. O lance ocorreu nos instantes finais da etapa inicial do confronto entre o Olympiacos e o Volos. Como aconteceu o lance da les\u00e3o O jogador disparou [&hellip;]<\/p>\n","protected":false},"author":0,"featured_media":36303,"comment_status":"open","ping_status":"open","sticky":false,"template":"","format":"standard","meta":{"footnotes":""},"categories":[6],"tags":[],"class_list":["post-36294","post","type-post","status-publish","format-standard","has-post-thumbnail","hentry","category-mercosul"],"_links":{"self":[{"href":"https:\/\/acontecenafronteira.com.br\/index.php\/wp-json\/wp\/v2\/posts\/36294","targetHints":{"allow":["GET"]}}],"collection":[{"href":"https:\/\/acontecenafronteira.com.br\/index.php\/wp-json\/wp\/v2\/posts"}],"about":[{"href":"https:\/\/acontecenafronteira.com.br\/index.php\/wp-json\/wp\/v2\/types\/post"}],"replies":[{"embeddable":true,"href":"https:\/\/acontecenafronteira.com.br\/index.php\/wp-json\/wp\/v2\/comments?post=36294"}],"version-history":[{"count":1,"href":"https:\/\/acontecenafronteira.com.br\/index.php\/wp-json\/wp\/v2\/posts\/36294\/revisions"}],"predecessor-version":[{"id":36302,"href":"https:\/\/acontecenafronteira.com.br\/index.php\/wp-json\/wp\/v2\/posts\/36294\/revisions\/36302"}],"wp:featuredmedia":[{"embeddable":true,"href":"https:\/\/acontecenafronteira.com.br\/index.php\/wp-json\/wp\/v2\/media\/36303"}],"wp:attachment":[{"href":"https:\/\/acontecenafronteira.com.br\/index.php\/wp-json\/wp\/v2\/media?parent=36294"}],"wp:term":[{"taxonomy":"category","embeddable":true,"href":"https:\/\/acontecenafronteira.com.br\/index.php\/wp-json\/wp\/v2\/categories?post=36294"},{"taxonomy":"post_tag","embeddable":true,"href":"https:\/\/acontecenafronteira.com.br\/index.php\/wp-json\/wp\/v2\/tags?post=36294"}],"curies":[{"name":"wp","href":"https:\/\/api.w.org\/{rel}","templated":true}]}}