{"id":36293,"date":"2026-09-05T20:37:54","date_gmt":"2026-09-05T23:37:54","guid":{"rendered":"https:\/\/acontecenafronteira.com.br\/?p=36293"},"modified":"2026-09-05T20:37:54","modified_gmt":"2026-09-05T23:37:54","slug":"bella-longuinho-desabafa-sobre-visto-dos-eua-e-genero-masculino","status":"publish","type":"post","link":"https:\/\/acontecenafronteira.com.br\/index.php\/2026\/09\/05\/bella-longuinho-desabafa-sobre-visto-dos-eua-e-genero-masculino\/","title":{"rendered":"Bella Longuinho desabafa sobre visto dos EUA e g\u00eanero masculino"},"content":{"rendered":"<p>A influenciadora Bella Longuinho abriu o jogo durante sua passagem pelo festival Rock in Rio e comentou sobre a pol\u00eamica envolvendo sua documenta\u00e7\u00e3o internacional e a exig\u00eancia de g\u00eanero em viagens para os Estados Unidos.<\/p>\n<h2>A pol\u00eamica com o documento americano<\/h2>\n<p>O assunto veio \u00e0 tona ap\u00f3s a criadora de conte\u00fado relatar em suas redes sociais que realizou a altera\u00e7\u00e3o de seus registros civis ap\u00f3s a cirurgia de redesigna\u00e7\u00e3o sexual, mas foi surpreendida ao descobrir que o visto para entrar em territ\u00f3rio norte-americano permaneceu com a marca\u00e7\u00e3o masculina devido a diretrizes adotadas durante a gest\u00e3o de Donald Trump.<\/p>\n<p>Mesmo diante da burocracia internacional, Bella demonstrou tranquilidade e afirmou que a situa\u00e7\u00e3o n\u00e3o diminui sua identidade de g\u00eanero. Segundo a famosa, o reconhecimento oficial obtido em solo brasileiro \u00e9 o que realmente importa para sua autoestima e valida\u00e7\u00e3o pessoal.<\/p>\n<h2>Novas experi\u00eancias e projetos<\/h2>\n<p>Al\u00e9m de abordar a quest\u00e3o burocr\u00e1tica, a personalidade da m\u00eddia aproveitou para falar sobre sua estreia no evento de m\u00fasica e sua recente participa\u00e7\u00e3o no projeto Rancho do Maia, destacando que a experi\u00eancia serviu para se desconectar do mundo digital e mostrar um lado aut\u00eantico que o p\u00fablico ainda n\u00e3o conhecia.<\/p>\n<p>Por Reda\u00e7\u00e3o Acontece<\/p>\n<p>Foto: Jean Telles\/Coluna F\u00e1bia Oliveira<\/p>\n","protected":false},"excerpt":{"rendered":"<p>A influenciadora Bella Longuinho abriu o jogo durante sua passagem pelo festival Rock in Rio e comentou sobre a pol\u00eamica envolvendo sua documenta\u00e7\u00e3o internacional e a exig\u00eancia de g\u00eanero em viagens para os Estados Unidos. A pol\u00eamica com o documento americano O assunto veio \u00e0 tona ap\u00f3s a criadora de conte\u00fado relatar em suas redes [&hellip;]<\/p>\n","protected":false},"author":0,"featured_media":36301,"comment_status":"open","ping_status":"open","sticky":false,"template":"","format":"standard","meta":{"footnotes":""},"categories":[6],"tags":[],"class_list":["post-36293","post","type-post","status-publish","format-standard","has-post-thumbnail","hentry","category-mercosul"],"_links":{"self":[{"href":"https:\/\/acontecenafronteira.com.br\/index.php\/wp-json\/wp\/v2\/posts\/36293","targetHints":{"allow":["GET"]}}],"collection":[{"href":"https:\/\/acontecenafronteira.com.br\/index.php\/wp-json\/wp\/v2\/posts"}],"about":[{"href":"https:\/\/acontecenafronteira.com.br\/index.php\/wp-json\/wp\/v2\/types\/post"}],"replies":[{"embeddable":true,"href":"https:\/\/acontecenafronteira.com.br\/index.php\/wp-json\/wp\/v2\/comments?post=36293"}],"version-history":[{"count":1,"href":"https:\/\/acontecenafronteira.com.br\/index.php\/wp-json\/wp\/v2\/posts\/36293\/revisions"}],"predecessor-version":[{"id":36300,"href":"https:\/\/acontecenafronteira.com.br\/index.php\/wp-json\/wp\/v2\/posts\/36293\/revisions\/36300"}],"wp:featuredmedia":[{"embeddable":true,"href":"https:\/\/acontecenafronteira.com.br\/index.php\/wp-json\/wp\/v2\/media\/36301"}],"wp:attachment":[{"href":"https:\/\/acontecenafronteira.com.br\/index.php\/wp-json\/wp\/v2\/media?parent=36293"}],"wp:term":[{"taxonomy":"category","embeddable":true,"href":"https:\/\/acontecenafronteira.com.br\/index.php\/wp-json\/wp\/v2\/categories?post=36293"},{"taxonomy":"post_tag","embeddable":true,"href":"https:\/\/acontecenafronteira.com.br\/index.php\/wp-json\/wp\/v2\/tags?post=36293"}],"curies":[{"name":"wp","href":"https:\/\/api.w.org\/{rel}","templated":true}]}}